{"id":779,"date":"2023-06-14T00:09:50","date_gmt":"2023-06-13T22:09:50","guid":{"rendered":"https:\/\/www.zahadyazajimavosti.cz\/?p=779"},"modified":"2024-03-03T20:05:36","modified_gmt":"2024-03-03T19:05:36","slug":"kdo-zabil-kaspara-hausera","status":"publish","type":"post","link":"https:\/\/www.zahadyazajimavosti.cz\/index.php\/2023\/06\/14\/kdo-zabil-kaspara-hausera\/","title":{"rendered":"Kdo zabil Ka\u0161para Hausera?"},"content":{"rendered":"<p><strong>Fenom\u00e9n d\u00edt\u011bte, odchovan\u00e9ho zv\u00ed\u0159aty, jako byl rom\u00e1nov\u00fd <em>Maugl\u00ed,<\/em> pova\u017eujeme za mo\u017en\u00fd v exotick\u00fdch zem\u00edch, ale ne v z\u00e1padn\u00ed a st\u0159edn\u00ed Evrop\u011b, kde civilizace vym\u00fdtila hust\u00e9 lesy a vyhubila v\u011bt\u0161inu divok\u00fdch zv\u00ed\u0159at.<\/strong><!--more--><br \/>\nP\u0159esto se zde takov\u00fd p\u0159\u00edb\u011bh nalezence ud\u00e1l \u2013 \u0161lo o tajemn\u00e9ho <em>Ka\u0161para Hausera<\/em>. Byl to potomek n\u011bjak\u00e9ho \u0161lechtice \u010di monarchy? Kdo ho zabil? P\u0159in\u00e1\u0161\u00edme p\u0159ekvapiv\u00e9 odhalen\u00ed\u2026<\/p>\n<p>Jak se to v\u0161echno ud\u00e1lo? Na svatodu\u0161n\u00ed pond\u011bl\u00ed 26. kv\u011btna 1828 vid\u011bli dva obuvn\u00edci, jak se kol\u00e9b\u00e1 p\u0159es n\u00e1m\u011bst\u00ed v Norimberku 16-let\u00fd chlapec v selsk\u00e9m od\u011bvu.<\/p>\n<p>D\u011bln\u00edci si mysleli, \u017ee ten chlapec chytil <em>\u201evlka\u201c<\/em> a rozhodli se mu pomoci dostat se dom\u016f, ale na ot\u00e1zku, kde \u017eije, odpov\u011bd\u011bl n\u011bjak\u00e9 nesmysly: <em>&#8222;Chci b\u00fdt kaval\u00e9ristou, jako m\u016fj otec.&#8220;<\/em><\/p>\n<p>Mlad\u00fd mu\u017e byl p\u0159evezen na policejn\u00ed stanici.<\/p>\n<p>V chlapcov\u011b ta\u0161ce na\u0161li dopis, adresovan\u00fd rotmistru 4 eskadrony 6 pluku (Chevaulegers) <em>Friedricha von Wessenig,<\/em> kapesn\u00edk s inici\u00e1ly K. H. a n\u011bkolik list\u016f pap\u00edru s textem katolick\u00fdch modliteb.<\/p>\n<p>Tento fakt je d\u016fle\u017eit\u00fd pro nalezen\u00ed rodi\u010d\u016f, nebo alespo\u0148, pro ur\u010den\u00ed rodi\u0161t\u011b nalezence.<\/p>\n<p>Ve v\u011bt\u0161in\u011b n\u011bmeck\u00fdch st\u00e1t\u016f p\u0159evl\u00e1dala luter\u00e1nsk\u00e1 c\u00edrkev. V\u00fdjimkou bylo Bavorsko.<\/p>\n<p>Na ot\u00e1zku, jak se jmenuje, mlad\u00fd mu\u017e neodpov\u011bd\u011bl. Tak mu dali do rukou pero a on na kus pap\u00edru napsal: <em>Kaspar Hauser<\/em>.<\/p>\n<p>Krom\u011b znalost\u00ed n\u011bkolika modliteb, um\u011bl po\u010d\u00edtat pen\u00edze a sotva ps\u00e1t.<\/p>\n<p>Z\u00e1soba slov tohoto v\u00fdrostka byla pom\u011brn\u011b omezen\u00e1.<\/p>\n<p>V jednom z dopis\u016f nalezen\u00fdch u n\u011bj nezn\u00e1m\u00fd autor napsal, \u017ee jemu, chud\u00e9mu selsk\u00e9mu \u010deled\u00ednu, toto d\u00edt\u011b kdosi polo\u017eil p\u0159ed dve\u0159e v \u0159\u00edjnu 1812.<\/p>\n<p>Nikdy by se nerozlou\u010dil s chlapcem, ale ten se chce st\u00e1t kavaleristou, a proto ho pos\u00edl\u00e1 k jednomu z d\u016fstojn\u00edk\u016f pluku, um\u00edst\u011bn\u00e9ho ve m\u011bst\u011b.<\/p>\n<p>Jen\u017ee v t\u00e9 dob\u011b \u00fadajn\u00fd otec d\u00edt\u011bte, pokud j\u00edm m\u011bl b\u00fdt velitel pluku, byl u\u017e mrtv\u00fd.<\/p>\n<p>V jin\u00e9m dopise, psan\u00e9m s hrub\u00fdmi chybami, &#8211; zd\u00e1nliv\u011b od matky nalezence \u2013 se psalo, \u017ee se narodil 30.dubna 1812 (v origin\u00e1le s chybou v m\u011bs\u00edci: <em>30 Aperil<\/em> m\u00edsto <em>April 1812<\/em>).<\/p>\n<p>N\u011bkte\u0159\u00ed badatel\u00e9 n\u00e1sledn\u011b podle rozboru p\u00edsma ur\u010dili, \u017ee oba dopisy napsala stejn\u00e1 osoba.<\/p>\n<p><em>Ka\u0161para Hausera<\/em> zav\u0159eli do norimbersk\u00e9 pevnosti, kde byl pod dohledem <em>Andrease Hiltela.<\/em><\/p>\n<p>Nejprve Ka\u0161par jedl jen chl\u00e9b a zap\u00edjel ho vodou, proto\u017ee jin\u00e9 j\u00eddlo a v\u00edno u n\u011bj vyvol\u00e1valo odpor.<\/p>\n<p>Nehled\u011b na bavorsk\u00e9 prost\u0159ed\u00ed, kde se hovo\u0159ilo fransk\u00fdm dialektem n\u011bm\u010diny, Ka\u0161par Hauser mluvil starobavorsk\u00fdm dialektem.<\/p>\n<p>Vedle pr\u00e1vn\u00edk\u016f a teolog\u016f ho zkoumali tak\u00e9 l\u00e9ka\u0159i. Ty udivily nevyvinut\u00e9 svaly mlad\u00e9ho mu\u017ee, kter\u00fd se prakticky teprve u\u010dil chodit.<\/p>\n<p>Podle slov nalezence, od \u00fatl\u00e9ho d\u011btstv\u00ed byl oble\u010den jen v ko\u0161ili a kalhot\u00e1ch, a byl dr\u017een v jak\u00e9si temn\u00e9 jeskyni, kde se ani nemohl \u00fapln\u011b nat\u00e1hnout. Chl\u00e9b a vodu mu p\u0159in\u00e1\u0161el jak\u00fdsi mu\u017e, jeho\u017e tv\u00e1\u0159 nevid\u011bl. Oble\u010den\u00ed mu vym\u011bnil za nov\u00e9 a j\u00eddlo p\u0159in\u00e1\u0161el v dob\u011b, kdy chlapec spal. Badatel\u00e9 p\u0159edpokl\u00e1dali, \u017ee hlubok\u00fd sp\u00e1nek byl zp\u016fsoben po\u017e\u00edv\u00e1n\u00edm opia.<\/p>\n<p>Kr\u00e1tce p\u0159ed cestou do Norimberku tento mu\u017e p\u0159ich\u00e1zel \u010dast\u011bji. U\u010dil chlapce ps\u00e1t, chodit a tak\u00e9 modlit se a nau\u010dil ho v\u011bty ur\u010den\u00e9 pro jeho otce, kavaleristu.<\/p>\n<p>18. \u010dervence 1828 byl Ka\u0161par v p\u00e9\u010di profesora gymn\u00e1zia, zn\u00e1m\u00e9ho b\u00e1sn\u00edka, a pozd\u011bji n\u00e1bo\u017eensk\u00e9ho filozofa <em>Georga Friedricha Daumera.<\/em><\/p>\n<p>Profesor ho u\u010dil z\u00e1klad\u016fm r\u016fzn\u00fdch v\u011bd, kter\u00e9 s\u00e1m ovl\u00e1dal, ale \u0159ekl, \u017ee byl v n\u011bkter\u00fdch p\u0159\u00edpadech udiven Ka\u0161parov\u00fdm talentem.<\/p>\n<p>17.\u0159\u00edjna 1829 <em>Ka\u0161par Hauser<\/em> nep\u0159i\u0161el k ob\u011bdu. Se zkrvavenou hlavou ho na\u0161li le\u017eet ve sklep\u011b. Kdy\u017e p\u0159i\u0161el k sob\u011b, \u0159ekl, \u017ee byl napaden nezn\u00e1m\u00fdm \u010dlov\u011bkem, jeho\u017e tv\u00e1\u0159 byla zahalena v \u010dern\u00e9m \u0161\u00e1tku nebo byla pot\u0159ena sazemi.<\/p>\n<p>Podle jeho hlasu, jak \u0159ekl <em>Hauser,<\/em> tento mu\u017e ho dovedl do <em>Norimberku,<\/em> a te\u010f mu hroz\u00ed n\u00e1sil\u00edm. <em>&#8222;D\u0159\u00edve, ne\u017e opust\u00ed\u0161 Norimberk \u2013 zem\u0159e\u0161,&#8220;<\/em> \u2013 \u0159ekl mu.<\/p>\n<p>P\u0159es ve\u0161ker\u00e9 \u00fasil\u00ed p\u0159i \u0161et\u0159en\u00ed a vyhl\u00e1\u0161en\u00ed vysok\u00e9 odm\u011bny, \u017e\u00e1dn\u00e9 informace o &#8222;<em>\u010dern\u00e9m mu\u017ei<\/em>&#8220; se nepoda\u0159ilo z\u00edskat. O\u010dit\u00e9 sv\u011bdky \u00fatoku se tak\u00e9 nepoda\u0159ilo naj\u00edt, ale v ten den \u00fadajn\u011b spat\u0159ili ve m\u011bst\u011b dva podez\u0159el\u00e9 mu\u017ee v \u010dern\u00fdch \u0161atech.<\/p>\n<p>Hauser n\u00e1sledoval sv\u00e9ho b\u00fdval\u00e9ho opatrovn\u00edka a \u017eil v dom\u011b \u00fa\u0159edn\u00edka magistr\u00e1tu <em>Bieberbacha.<\/em> Od t\u00e9to chv\u00edle <em>Ka\u0161para<\/em> chr\u00e1nili po celou dobu dva policist\u00e9.<\/p>\n<p>Incident s pokusem o vra\u017edu Hausera op\u011bt vybudil vlnu dohad\u016f o jeho \u0161lechtick\u00e9m p\u016fvodu.<\/p>\n<p>\u0158\u00edkalo se, \u017ee to byl plod zak\u00e1zan\u00e9 l\u00e1sky, nebo byl synem vysok\u00e9ho duchovn\u00edho nebo vysoce postaven\u00e9 d\u00e1my.<\/p>\n<p>Podle v\u0161eho Ka\u0161par nemohl \u017e\u00edt bez dobrodru\u017estv\u00ed. Jednou za b\u00edl\u00e9ho dne, 3. dubna 1830, mlad\u00fd mu\u017e m\u00e1lem zem\u0159el, kdy\u017e se post\u0159elil na hlav\u011b.<\/p>\n<p>Str\u00e1\u017ee, hl\u00eddaj\u00edc\u00ed na chodb\u011b, okam\u017eit\u011b po v\u00fdst\u0159elu p\u0159isp\u011bchaly do m\u00edstnosti a uvid\u011bly, jak <em>Ka\u0161par<\/em> le\u017e\u00ed v bezv\u011bdom\u00ed na podlaze. Z prav\u00e9 strany hlavy krv\u00e1cel.<\/p>\n<p>L\u00e9ka\u0159i zran\u011bn\u00ed neozna\u010dili jako v\u00e1\u017en\u00e9, ale bylo nutno dohled nad podivn\u00fdm mlad\u00edkem zp\u0159\u00edsnit.<\/p>\n<p>A co se stalo?<\/p>\n<p>Sna\u017eil se dostat knihu z police, a p\u0159i tom se mu poda\u0159ilo zavadit o nabitou pistoli, vis\u00edc\u00ed na zdi.<\/p>\n<p>Rozhodnut\u00edm starosty p\u0159e\u0161el nalezenec k dal\u0161\u00edmu opatrovn\u00edkovi.<\/p>\n<p>Nov\u00fd ofici\u00e1ln\u00ed opatrovn\u00edk <em>Hausera,<\/em> <em>baron Gottlieb von Tucher<\/em>, u kter\u00e9ho <em>Ka\u0161par<\/em> p\u016fl roku \u017eil v <em>Norimberku,<\/em> hovo\u0159il o jeho <em>&#8222;velmi podporovan\u00e9 marnivosti, ohromn\u00e9 lstivosti, pokrytectv\u00ed a lhavosti.&#8220;<\/em><\/p>\n<p>Zachoval se z\u00e1pis, sestaven\u00fd p\u0159edsedou soudu <em>Anselmem Feuerbachem<\/em>, kter\u00fd str\u00e1vil dva roky sledov\u00e1n\u00edm nalezence v <em>Ansbachu: &#8222;Ka\u0161par Hauser &#8211; je vychytral\u00e1, ni\u010demn\u00e1 bestie, podvodn\u00edk, povale\u010d, kter\u00e9ho by bylo t\u0159eba zab\u00edt.\u201c<\/em><\/p>\n<p><em>Feuerbach<\/em> pokra\u010doval ve vy\u0161et\u0159ov\u00e1n\u00ed. Nicm\u00e9n\u011b, smrt <em>Anselma Feuerbacha<\/em>, ke kter\u00e9 do\u0161lo 29.kv\u011btna 1833, byla bolestivou ztr\u00e1tou pro <em>Ka\u0161para.<\/em><\/p>\n<p>\u0160ly zv\u011bsti, \u017ee <em>Feuerbach<\/em> byl otr\u00e1ven kv\u016fli jeho roli v p\u0159\u00edpad\u011b <em>Ka\u0161para Hausera.<\/em><\/p>\n<p>\u017divotopisec <em>Anselma, Gustav Radbruch<\/em> o tom dokonce napsal: <em>\u201eOdpov\u00eddalo by skute\u010dnosti, pokud by mu\u017ei, kter\u00fd \u017eil jako bojovn\u00edk za pr\u00e1vo, bylo umo\u017en\u011bno zem\u0159\u00edt jako bojovn\u00edk za pr\u00e1vo.&#8220;<\/em><\/p>\n<p>V bavorsk\u00e9m m\u011bst\u011b <em>Ansbach<\/em> se <em>Ka\u0161par Hauser<\/em> stal \u00fa\u0159edn\u00edkem v kancel\u00e1\u0159i odvolac\u00edho soudu a stal se st\u0159edem pozornosti smet\u00e1nky m\u00edstn\u00ed spole\u010dnosti.<\/p>\n<p>Navzdory skute\u010dnosti, \u017ee byl pohledn\u00fd mu\u017e a v\u00e1\u0161niv\u00fd tane\u010dn\u00edk, nem\u011bl sexu\u00e1ln\u00ed vztahy s \u017eenami.<\/p>\n<p>Za\u010dalo by se na n\u011bj zapom\u00ednat, kdyby jeho n\u00e1hl\u00e1 smrt znovu vzbudila pozornost.<\/p>\n<p>14.prosince 1833 nezn\u00e1m\u00fd mu\u017e, pr\u00fd dvorn\u00ed zahradn\u00edk, pozval <em>Ka\u0161para<\/em> k prohl\u00eddce art\u00e9sk\u00e9 studny v z\u00e1meck\u00e9 zahrad\u011b, a tam mu sl\u00edbil odhalit tajemstv\u00ed sv\u00e9ho p\u016fvodu.<\/p>\n<p>V zahrad\u011b kdosi z\u00e1m\u011brn\u011b <em>Hausera<\/em> bodl. V d\u016fsledku zran\u011bn\u00ed <em>Hauser<\/em> zem\u0159el o t\u0159i dny pozd\u011bji.<\/p>\n<p>Na m\u00edst\u011b \u00fatoku byla nalezena d\u00e1msk\u00e1 kabelka fialov\u00e9 barvy.<\/p>\n<p>V n\u00ed se nach\u00e1zela pozn\u00e1mka, zaps\u00e1na zrcadlov\u011b: <em>&#8222;Houser jist\u011b v\u00e1m bude vypr\u00e1v\u011bt, jak vypad\u00e1m, a odkud jsem. Hauser, aby neztr\u00e1cel \u00fasil\u00ed, j\u00e1 s\u00e1m v\u00e1m \u0159eknu, odkud jsem ____ J\u00e1 p\u0159i\u0161el z __ na bavorskou hranici. ___ Po \u0159ece _____ J\u00e1 chci je\u0161t\u011b \u0159\u00edci, \u017ee m\u00e9 jm\u00e9no: ML \u00d6.&#8220;<\/em><\/p>\n<p>Vznikla opodstatn\u011bn\u00e1 pochybnost, zda bodn\u00e1 r\u00e1na vznikla ciz\u00ed rukou a zda ne\u0161lo o pokus o sebevra\u017edu.<\/p>\n<p>K tomu dosp\u011bli ne n\u011bjac\u00ed hloup\u00ed novin\u00e1\u0159i, ale to napsali \u010dern\u00e9 na b\u00edl\u00e9m pracovn\u00edci soudu. Policista <em>Merker<\/em> napsal ve sv\u00e9 zpr\u00e1v\u011b, \u017ee \u0161lo o <em>&#8222;vlastn\u00ed poran\u011bn\u00ed bez \u00famyslu sp\u00e1chat vra\u017edu.&#8220;<\/em><\/p>\n<p>Nep\u0159\u00edmo potvrdily tento z\u00e1v\u011br i posledn\u00ed slova na smrteln\u00e9 posteli kn\u011bze <em>Fuhrmanna: &#8222;Pro\u010d bych m\u011bl skr\u00fdvat hn\u011bv nebo nen\u00e1vist nebo vztek na lidi, kte\u0159\u00ed mi nic neud\u011blali.&#8220;<\/em><\/p>\n<p>Nicm\u00e9n\u011b, bavorsk\u00fd kr\u00e1l <em>Ludv\u00edk I.<\/em> sl\u00edbil na svou dobu astronomickou odm\u011bnu (10.000 gulden\u016f) za dopaden\u00ed pachatele. Samoz\u0159ejm\u011b, hled\u00e1n\u00ed bylo marn\u00e9.<\/p>\n<p>Poh\u0159bu nalezence 20. prosince 1833 se z\u00fa\u010dastnili t\u00e9m\u011b\u0159 v\u0161ichni obyvatel\u00e9 <em>Ansbachu.<\/em><\/p>\n<p>Na hrob\u011b <em>Ka\u0161para Hausera<\/em> je uveden latinsk\u00fd epitaf: <em>HIC JACET CASPARUS HAUSER AENIGMA SUI TEMPORIS IGNOTA NATIVITAS OCCULTA MORS MDCCCXXXIII.<\/em><\/p>\n<p>V p\u0159ekladu tato v\u011bta znamen\u00e1: <em>&#8222;Zde le\u017e\u00ed Kaspar Hauser, h\u00e1danka sv\u00e9ho \u010dasu, nezn\u00e1m\u00e9ho p\u016fvodu, z\u00e1hadn\u00e1 smrt v roce 1833.&#8220;<\/em><\/p>\n","protected":false},"excerpt":{"rendered":"<p>Fenom\u00e9n d\u00edt\u011bte, odchovan\u00e9ho zv\u00ed\u0159aty, jako byl rom\u00e1nov\u00fd Maugl\u00ed, pova\u017eujeme za mo\u017en\u00fd v exotick\u00fdch zem\u00edch, ale ne v z\u00e1padn\u00ed a st\u0159edn\u00ed<\/p>\n","protected":false},"author":1,"featured_media":780,"comment_status":"closed","ping_status":"open","sticky":false,"template":"","format":"standard","meta":{"footnotes":""},"categories":[19],"tags":[24,67],"class_list":["post-779","post","type-post","status-publish","format-standard","has-post-thumbnail","hentry","category-zahady","tag-evropa","tag-osobnosti"],"_links":{"self":[{"href":"https:\/\/www.zahadyazajimavosti.cz\/index.php\/wp-json\/wp\/v2\/posts\/779","targetHints":{"allow":["GET"]}}],"collection":[{"href":"https:\/\/www.zahadyazajimavosti.cz\/index.php\/wp-json\/wp\/v2\/posts"}],"about":[{"href":"https:\/\/www.zahadyazajimavosti.cz\/index.php\/wp-json\/wp\/v2\/types\/post"}],"author":[{"embeddable":true,"href":"https:\/\/www.zahadyazajimavosti.cz\/index.php\/wp-json\/wp\/v2\/users\/1"}],"replies":[{"embeddable":true,"href":"https:\/\/www.zahadyazajimavosti.cz\/index.php\/wp-json\/wp\/v2\/comments?post=779"}],"version-history":[{"count":1,"href":"https:\/\/www.zahadyazajimavosti.cz\/index.php\/wp-json\/wp\/v2\/posts\/779\/revisions"}],"predecessor-version":[{"id":781,"href":"https:\/\/www.zahadyazajimavosti.cz\/index.php\/wp-json\/wp\/v2\/posts\/779\/revisions\/781"}],"wp:featuredmedia":[{"embeddable":true,"href":"https:\/\/www.zahadyazajimavosti.cz\/index.php\/wp-json\/wp\/v2\/media\/780"}],"wp:attachment":[{"href":"https:\/\/www.zahadyazajimavosti.cz\/index.php\/wp-json\/wp\/v2\/media?parent=779"}],"wp:term":[{"taxonomy":"category","embeddable":true,"href":"https:\/\/www.zahadyazajimavosti.cz\/index.php\/wp-json\/wp\/v2\/categories?post=779"},{"taxonomy":"post_tag","embeddable":true,"href":"https:\/\/www.zahadyazajimavosti.cz\/index.php\/wp-json\/wp\/v2\/tags?post=779"}],"curies":[{"name":"wp","href":"https:\/\/api.w.org\/{rel}","templated":true}]}}