{"id":761,"date":"2023-06-12T00:26:58","date_gmt":"2023-06-11T22:26:58","guid":{"rendered":"https:\/\/www.zahadyazajimavosti.cz\/?p=761"},"modified":"2023-06-07T22:54:19","modified_gmt":"2023-06-07T20:54:19","slug":"tajemstvi-templaru","status":"publish","type":"post","link":"https:\/\/www.zahadyazajimavosti.cz\/index.php\/2023\/06\/12\/tajemstvi-templaru\/","title":{"rendered":"Tajemstv\u00ed templ\u00e1\u0159\u016f?"},"content":{"rendered":"<p><strong>\u0158\u00e1d chud\u00fdch ryt\u00ed\u0159\u016f Kristov\u00fdch, zn\u00e1m\u011bj\u0161\u00ed jako <em>\u0158\u00e1d templu \u2013 chr\u00e1mu \u0160alomounova<\/em> &#8211; templ\u00e1\u0159i, trval t\u00e9m\u011b\u0159 200 let, a nep\u0159est\u00e1v\u00e1 vzru\u0161ovat zv\u00eddav\u00e9 lidi u\u017e v\u00edce ne\u017e 700 let.<\/strong><!--more--><br \/>\nJak\u00e9 je tajemstv\u00ed tohoto duchovn\u011b-ryt\u00ed\u0159sk\u00e9ho \u0159\u00e1du? Existuje tajemstv\u00ed templ\u00e1\u0159\u016f, a kde ukryli sv\u00e9 poklady?<\/p>\n<p>Dne 18. b\u0159ezna 1314 byl up\u00e1len mistr templ\u00e1\u0159sk\u00e9ho \u0159\u00e1du Jacques de Molay. N\u011bkte\u0159\u00ed historici uv\u00e1d\u011bj\u00ed jin\u00e9 datum, a to 11. b\u0159ezna.<\/p>\n<p><strong>Pro\u010d se zaj\u00edm\u00e1me o templ\u00e1\u0159e?<\/strong><\/p>\n<p>Kl\u00ed\u010d je v historii k\u0159\u00ed\u017eov\u00fdch v\u00fdprav, na kter\u00e9 dnes panuj\u00ed dva hlavn\u00ed pohledy:<\/p>\n<ul>\n<li><em>Romantick\u00fd<\/em> &#8211; state\u010dn\u00ed ryt\u00ed\u0159i se vyd\u00e1vaj\u00ed dob\u00fdt Svat\u00fd hrob, bojuj\u00ed proti nev\u011b\u0159\u00edc\u00edm, konaj\u00ed hrdinsk\u00e9 a \u0161lechetn\u00e9 \u010diny<\/li>\n<li><em>Politicky korektn\u00ed<\/em> \u2013 byla to nevyprovokovan\u00e1 z\u00e1padn\u00ed agrese proti muslimsk\u00e9mu sv\u011btu.<\/li>\n<\/ul>\n<p>Z\u00e1rove\u0148 v\u0161ichni zapom\u00ednaj\u00ed na pravoslavn\u00fd sv\u011bt, p\u0159esto\u017ee v\u0161echny v\u00e1le\u010dn\u00e9 akce prob\u00edhaly na \u00fazem\u00edch, kde v\u011bt\u0161inu obyvatelstva tvo\u0159ili pravoslavn\u00ed k\u0159es\u0165an\u00e9. V\u0161echny k\u0159\u00ed\u017eov\u00e9 v\u00fdpravy tak \u010di onak proch\u00e1zely Byzantskou \u0159\u00ed\u0161\u00ed, kter\u00e1 byla oporou a nedobytnou pevnost\u00ed a po stalet\u00ed dr\u017eela isl\u00e1m v \u0161achu. B\u011bhem \u010dtvrt\u00e9 k\u0159\u00ed\u017eov\u00e9 v\u00fdpravy byla Konstantinopol roku 1204 zr\u00e1dn\u011b vyplen\u011bna a vznikla Latinsk\u00e1 \u0159\u00ed\u0161e, co\u017e rozbilo geopolitick\u00fd obrann\u00fd syst\u00e9m Evropy proti isl\u00e1mu.<\/p>\n<p>Zaj\u00edmav\u00e9 je, \u017ee kdy\u017e za\u010daly prvn\u00ed k\u0159\u00ed\u017eov\u00e9 v\u00fdpravy, objevila se v\u00fdzva na pomoc Byzanci p\u0159i vytla\u010dov\u00e1n\u00ed seld\u017euck\u00fdch Turk\u016f z Mal\u00e9 Asie. Kdy\u017e skon\u010dily, Turci u\u017e st\u00e1li na Dunaji a p\u0159ipravovali se na \u00fatok na Budape\u0161\u0165 a pot\u00e9 na V\u00edde\u0148.<\/p>\n<p>\u010ctvrt\u00e1 k\u0159\u00ed\u017eov\u00e1 v\u00fdprava byla pln\u00e1 intrik Ben\u00e1t\u010dan\u016f, mistrovsky rozehranou hru ben\u00e1tsk\u00e9ho d\u00f3\u017eete <em>Enrico Dandolo<\/em> (1107-1205), nejstar\u0161\u00edho v\u016fdce v d\u011bjin\u00e1ch. \u010ctvrt\u00e1 k\u0159\u00ed\u017eov\u00e1 v\u00fdprava se uskute\u010dnila, kdy\u017e mu bylo ji\u017e p\u0159es 95 let. P\u0159itom byl slep\u00fd. Traduje se legenda, \u017ee se ho pokusili oslepit, co\u017e mo\u017en\u00e1 s\u00e1m roz\u0161\u00ed\u0159il. Ve skute\u010dnosti ztr\u00e1cel zrak postupn\u011b. V ben\u00e1tsk\u00fdch archivech je ulo\u017een jeho autograf. Podpisy prozrazuj\u00ed, \u017ee mu\u017e postupn\u011b oslepl. Mo\u017en\u00e1 ho n\u011bkdo ude\u0159il do hlavy.<\/p>\n<p>Ale tehdej\u0161\u00ed pape\u017e <strong><em>Inocenc III.<\/em><\/strong> (1161-1216) byl Ital, kter\u00fd exkomunikoval k\u0159i\u017e\u00e1ky za \u00fatoky na pravoslavn\u00e9.<\/p>\n<p>Inocenc III, jeden z nejv\u011bt\u0161\u00edch pape\u017e\u016f st\u0159edov\u011bku, byl pr\u00e1vn\u00edk. Byl si dob\u0159e v\u011bdom v\u0161ech ben\u00e1tsk\u00fdch trik\u016f. Kdy\u017e ho Ben\u00e1t\u010dan\u00e9 po\u017e\u00e1dali, aby jim povolil obchodovat s Egyptem, kter\u00e9mu dod\u00e1vali \u017eelezo a d\u0159evo, povolil to, ale zak\u00e1zal jim tam dod\u00e1vat strategick\u00e9 materi\u00e1ly:<\/p>\n<ul>\n<li>&#8211; dokon\u010den\u00e9 lod\u011b;<\/li>\n<li>&#8211; polotovary pro lod\u011b;<\/li>\n<li>&#8211; d\u0159evo, kter\u00e9 lze pou\u017e\u00edt pro vojensk\u00e9 \u00fa\u010dely.<\/li>\n<\/ul>\n<p>Co se t\u00fd\u010de \u010dtvrt\u00e9 k\u0159\u00ed\u017eov\u00e9 v\u00fdpravy, ta nechala Ben\u00e1tk\u00e1m mezeru. <em>Inocenc III.<\/em> jim zak\u00e1zal j\u00edt do v\u00e1lky proti k\u0159es\u0165an\u016fm, kdy\u017e hladov\u00ed k\u0159i\u017e\u00e1ci sed\u011bli na ostrov\u011b Lido, proto\u017ee Ben\u00e1t\u010dan\u00e9 p\u0159estali dod\u00e1vat potraviny kv\u016fli nedostatku plateb. Ben\u00e1t\u010dan\u00e9 p\u0159edem p\u0159edpokl\u00e1dali, \u017ee k\u0159i\u017e\u00e1ci pot\u0159ebnou \u010d\u00e1stku nese\u017eenou.<\/p>\n<p>Ben\u00e1t\u010dan\u00e9 nab\u00eddli <em>Kol\u00ednu nad R\u00fdnem<\/em> odklad splacen\u00ed obrovsk\u00e9ho dluhu ve v\u00fd\u0161i 87 tis\u00edc st\u0159\u00edbrn\u00fdch kol\u00ednsk\u00fdch marek (jedna v\u00e1\u017eila 0,2 kg st\u0159\u00edbra). To se zhruba rovnalo spole\u010dn\u00e9mu ro\u010dn\u00edmu p\u0159\u00edjmu anglick\u00e9 a francouzsk\u00e9 koruny.<\/p>\n<p>Aby bylo mo\u017en\u00e9 spl\u00e1tku odlo\u017eit, bylo nutn\u00e9 obsadit m\u011bsto, kter\u00e9 se dnes jmenuje chorvatsk\u00fd Zadar. Pape\u017e Ben\u00e1t\u010dany a k\u0159i\u017e\u00e1ky za to exkomunikoval z c\u00edrkve. Kdy\u017e se Inocenc dozv\u011bd\u011bl, \u017ee k\u0159i\u017e\u00e1ci jsou v tomto p\u0159\u00edpad\u011b rukojm\u00edmi Ben\u00e1t\u010dan\u016f, jejich exkomunikaci zru\u0161il, ale dovolil k\u0159i\u017e\u00e1k\u016fm pou\u017e\u00edvat ben\u00e1tsk\u00e9 lod\u011b k pokra\u010dov\u00e1n\u00ed k\u0159\u00ed\u017eov\u00e9 v\u00fdpravy. Pokud jsou Ben\u00e1t\u010dan\u00e9 exkomunikov\u00e1ni, nelze s nimi obchodovat. V tom spo\u010d\u00edv\u00e1 ta kli\u010dka.<\/p>\n<p>P\u016fvodn\u00edm c\u00edlem Ben\u00e1t\u010dan\u016f nebylo z\u0159ejm\u011b ovl\u00e1dnout Konstantinopol. Cht\u011bli tam dosadit svou loutku, kter\u00e1 by jim zajistila p\u0159\u00edstup k obchodu p\u0159es \u010cern\u00e9 mo\u0159e. Tato oblast byla uzav\u0159ena z\u00e1padn\u00edm obchodn\u00edk\u016fm.<\/p>\n<p><strong>V \u010dem spo\u010d\u00edv\u00e1 p\u0159ita\u017elivost templ\u00e1\u0159sk\u00e9ho p\u0159\u00edb\u011bhu?<\/strong><\/p>\n<p>Velmistr <strong><em>Jacques de Molay<\/em> <\/strong>(1245-1314) byl state\u010dn\u00fd ryt\u00ed\u0159, ale velmi \u0161patn\u00fd diplomat a administr\u00e1tor. Pot\u00e9, co byli k\u0159i\u017e\u00e1ci po p\u00e1du Akkonu v roce 1293 vyhn\u00e1ni ze Svat\u00e9 zem\u011b, zorganizoval Jacques de Molay o p\u011bt let pozd\u011bji \u00fatok na Jeruzal\u00e9m. Se skupinou ryt\u00ed\u0159\u016f se vylodil na palestinsk\u00e9m pob\u0159e\u017e\u00ed, spanilou j\u00edzdou dorazil do Jeruzal\u00e9ma a ihned se m\u011bsta zmocnil. Nebylo to v\u016fbec t\u011b\u017ek\u00e9, proto\u017ee neexistovaly \u017e\u00e1dn\u00e9 opevn\u011bn\u00e9 hradby. Ale v\u011bd\u011bl, \u017ee m\u011bsto bez nich neudr\u017e\u00ed, a tak se templ\u00e1\u0159i po m\u0161i v chr\u00e1mu Bo\u017e\u00edho hrobu nalodili na lod\u011b a odpluli na Kypr, kde bylo jejich hlavn\u00ed s\u00eddlo. Pozd\u011bji se Jacques de Molay p\u0159esunul do Pa\u0159\u00ed\u017ee.<\/p>\n<p>Zde se \u0159\u00e1d, zalo\u017een\u00fd za \u00fa\u010delem boje proti nev\u011b\u0159\u00edc\u00edm, pustil do bankovnictv\u00ed. Chud\u00ed mni\u0161\u0161t\u00ed ryt\u00ed\u0159i zbohatli. Templ\u00e1\u0159i se stali v\u011b\u0159iteli nejen Evropy, ale i Bl\u00edzk\u00e9ho v\u00fdchodu. Obchodovali s muslimy, a k tomu museli udr\u017eovat vztahy, nau\u010dit se jazyk, zvyky, n\u00e1bo\u017eenstv\u00ed atd. To v\u0161e p\u0159irozen\u011b vyvol\u00e1valo ur\u010dit\u00e9 f\u00e1my. Templ\u00e1\u0159i byli zn\u00e1m\u00ed svou state\u010dnost\u00ed v boji, ale tak\u00e9 sv\u00fdm tajn\u016fstk\u00e1\u0159stv\u00edm. Bankovnictv\u00ed si nikdy a nikde nepotrp\u011blo na publicitu.<\/p>\n<p>S\u00eddlo templ\u00e1\u0159\u016f bylo na Kypru, ale skute\u010dn\u00e9 s\u00eddlo bylo ve Francii. Kr\u00e1l Filip IV. Sli\u010dn\u00fd (1268-1314) nemohl sn\u00e9st, \u017ee tak obrovsk\u00e9 sumy pen\u011bz opust\u00ed jeho kontrolu. Pustil se tedy do hled\u00e1n\u00ed obvin\u011bn\u00ed, kter\u00e1 musela zn\u00edt v\u011brohodn\u011b.<\/p>\n<p>V ka\u017ed\u00e9 uzav\u0159en\u00e9 vojensk\u00e9 komunit\u011b plat\u00ed ur\u010dit\u00e1 pravidla pro p\u0159ijet\u00ed. V uzav\u0159en\u00e9 mu\u017esk\u00e9 komunit\u011b existuj\u00ed r\u016fzn\u00e9 ritu\u00e1ly na hranici rouh\u00e1n\u00ed, nad\u00e1vek, a tak d\u00e1le. N\u011bco takov\u00e9ho tam muselo b\u00fdt, ale ur\u010dit\u011b ne v takov\u00e9m m\u011b\u0159\u00edtku. P\u0159\u00edpad byl tedy zalo\u017een na sv\u011bdectv\u00ed \u010dty\u0159, d\u00e1vno zesnul\u00fdch templ\u00e1\u0159\u016f. Je ot\u00e1zka, zda v\u016fbec n\u011bco vypov\u00eddali\u2026<\/p>\n<p>Velmistr dorazil do Pa\u0159\u00ed\u017ee, kde byl p\u0159ijat na nejvy\u0161\u0161\u00ed \u00farovni kr\u00e1lem Filipem Sli\u010dn\u00fdm, kter\u00fd um\u011bl velmi dob\u0159e skr\u00fdvat sv\u00e9 city. V t\u00e9 dob\u011b ji\u017e prob\u00edhaly p\u0159\u00edpravy na samotn\u00fd den X, kdy byli v\u0161ichni templ\u00e1\u0159i zat\u010deni.<\/p>\n<p><strong>Ne\u0161\u0165astn\u00fd p\u00e1tek t\u0159in\u00e1ct\u00e9ho &#8211; 13. \u0159\u00edjna 1307<\/strong><\/p>\n<p>Ve sv\u011bt\u011b, kde neexistovaly soci\u00e1ln\u00ed s\u00edt\u011b, WhatsApp, internet, telefon, ani telegraf, byla cel\u00e1 operace zvl\u00e1dnuta zhruba za p\u011bt dn\u00ed, co\u017e bylo nesl\u00fdchan\u00e9.<\/p>\n<p>V\u011bt\u0161inou bylo zat\u010deno slu\u017eebnictvo. Ryt\u00ed\u0159\u016f bylo jen n\u011bkolik set.<\/p>\n<p>Pape\u017e\u016fm se tehdy \u0159\u00edkalo pouze \u0159\u00edm\u0161t\u00ed pape\u017eov\u00e9, i kdy\u017e s\u00eddlili v Avignonu. Byl to v\u00fdsledek epick\u00e9ho boje mezi pape\u017ei a germ\u00e1nsk\u00fdmi c\u00edsa\u0159i z dynastie Hohenstaufen\u016f. Pape\u017eov\u00e9 se sna\u017eili bojovat a skute\u010dn\u011b je porazili, ale sledovali vzestup n\u00e1rodn\u00edch st\u00e1t\u016f. Francouzsk\u00fd kr\u00e1l <strong><em>Filip IV. Sli\u010dn\u00fd<\/em><\/strong> u\u010dinil prvn\u00edm pape\u017eem <em><strong>Klementa V.<\/strong><\/em> (1264-1314), kter\u00fd se usadil v Avignonu.<\/p>\n<p>Velmistr<em> de Molay<\/em> musel ud\u011blat chybu, kdy\u017e se p\u0159est\u011bhoval do Pa\u0159\u00ed\u017ee. Ale s\u00eddlo \u0159\u00e1du bylo v Pa\u0159\u00ed\u017ei. Krom\u011b toho byl velmistrem. Byl podveden. Byl to py\u0161n\u00fd, arogantn\u00ed, ale prostoduch\u00fd mu\u017e. T\u011bsn\u011b p\u0159ed jeho zat\u010den\u00edm ho Filip Sli\u010dn\u00fd jmenoval kmotrem sv\u00fdch d\u011bt\u00ed.<\/p>\n<p>Bylo to pokrytectv\u00ed, ve kter\u00e9m kr\u00e1l vynikal. Pape\u017e Klement V., kter\u00fd se zpo\u010d\u00e1tku br\u00e1nil, 22. listopadu 1307 podlehl a vydal bulu, v n\u00ed\u017e vyzval v\u0161echny evropsk\u00e9 kr\u00e1le, aby zatkli templ\u00e1\u0159e na sv\u00fdch \u00fazem\u00edch. V\u0161ichni krom\u011b portugalsk\u00e9ho kr\u00e1le souhlasili.<\/p>\n<p>N\u00e1sledovalo nekone\u010dn\u00e9 vy\u0161et\u0159ov\u00e1n\u00ed a brut\u00e1ln\u00ed mu\u010den\u00ed. V n\u011bkter\u00fdch zem\u00edch se mu\u010den\u00ed nepou\u017e\u00edvalo, pokud nepo\u010d\u00edt\u00e1me v\u011bzn\u011bn\u00ed ve vlhk\u00e9, studen\u00e9 kobce o chlebu, vod\u011b a okovech. Ka\u017ed\u00fd se p\u0159iznal. V\u0161ichni vysl\u00fdchan\u00ed stejn\u00fdm vy\u0161et\u0159ovatelem se p\u0159iznali ke stejn\u00fdm v\u011bcem, i kdy\u017e byli z r\u016fzn\u00fdch \u0159\u00e1dov\u00fdch dom\u016f.<br \/>\nNa stran\u011b templ\u00e1\u0159\u016f se nedochovaly \u017e\u00e1dn\u00e9 d\u016fkazy. Samotn\u00e9 vy\u0161et\u0159ov\u00e1n\u00ed bylo z\u0159ejm\u011b chybn\u00e9. To znamen\u00e1, \u017ee v\u0161ichni v\u011bd\u011bli, k \u010demu se maj\u00ed p\u0159iznat, a tak se v\u0161ichni p\u0159iznali. Kdy\u017e se Jacques de Molay, kter\u00fd n\u011bkolikr\u00e1t zm\u011bnil v\u00fdpov\u011b\u010f, p\u0159iznal, v\u0161emo\u017en\u011b zd\u016fraz\u0148oval: &#8222;Ano, bylo to tak, ale poda\u0159ilo se mi to neud\u011blat.\u201c V posledn\u00ed chv\u00edli m\u011bl velmistr mo\u017enost potvrdit svou d\u0159\u00edv\u011bj\u0161\u00ed v\u00fdpov\u011b\u010f a relativn\u011b bezpe\u010dn\u011b ukon\u010dit sv\u016fj \u017eivot jako prost\u00fd mnich v n\u011bjak\u00e9m vzd\u00e1len\u00e9m kl\u00e1\u0161te\u0159e. Rozhodl se v\u0161ak h\u00e1jit \u010dest \u0159\u00e1du t\u00edm, \u017ee prohl\u00e1sil v\u0161echna sv\u00e1 p\u0159edchoz\u00ed sv\u011bdectv\u00ed za nepravdiv\u00e1, za co\u017e byl up\u00e1len.<\/p>\n<p><strong>Slavn\u00e1 velmistrova kletba<\/strong><\/p>\n<p>byla p\u0159ipomenuta p\u0159i poprav\u011b kr\u00e1le <em>Ludv\u00edka XVI.<\/em> (1754-1793) b\u011bhem <em>Velk\u00e9 francouzsk\u00e9 revoluce.<\/em> Kat zvedl hlavu a \u00fadajn\u011b n\u011bkdo vyk\u0159ikl: <em>&#8222;Jsi pomst\u011bn, Jacquesi Molayi!&#8220;<\/em> Je takov\u00e1 ud\u00e1lost zaznamen\u00e1na v pramenech?<\/p>\n<p>Obvykle se \u0159\u00edk\u00e1, \u017ee do roka povolal k Bo\u017e\u00edmu soudu pape\u017ee <em>Klimenta,<\/em> kr\u00e1le <em>Filipa<\/em> a <em>Guillaume de Nogaret<\/em> (1260-1313) &#8211; hlavn\u00edho \u017ealobce. Ve skute\u010dnosti byl ale <em>de Nogaret<\/em> v t\u00e9 dob\u011b ji\u017e rok po smrti. Pape\u017eova smrt byla p\u0159edv\u00eddateln\u00e1 &#8211; trp\u011bl t\u011b\u017ekou st\u0159evn\u00ed chorobou. Je s podivem, \u017ee je\u0161t\u011b \u017eil tak dlouho. Pro nikoho to nebylo tajemstv\u00edm. <em>Filip Sli\u010dn\u00fd<\/em> bu\u010f spadl z kon\u011b, nebo zem\u0159el na mrtvici. A skute\u010dn\u011b, o necel\u00fd rok pozd\u011bji. <em>Pape\u017e<\/em> zem\u0159el m\u011bs\u00edc po up\u00e1len\u00ed <em>Jacquese de Molay, Filip<\/em> v listopadu t\u00e9ho\u017e roku.<\/p>\n<p><strong>Jak\u00e9 bylo tedy tajemstv\u00ed templ\u00e1\u0159\u016f?<\/strong><\/p>\n<p>Pov\u011bsti o tajemstv\u00edch posilovalo hlavn\u011b jejich tajn\u016fstk\u00e1\u0159\u0161t\u00ed. Za druh\u00e9 byli \u00fapln\u011b vyhlazeni. Kdy\u017e v novov\u011bku za\u010dali okultist\u00e9 r\u016fzn\u00e9ho ra\u017een\u00ed hledat sv\u00e9 ko\u0159eny, templ\u00e1\u0159i se jim hodili.<\/p>\n<p><strong>A skute\u010dn\u00e9 poklady templ\u00e1\u0159\u016f?<\/strong><\/p>\n<p>Kypersk\u00fd kr\u00e1l, kdy\u017e dostal rozkaz templ\u00e1\u0159e zatknout, \u0159ekl jim to n\u011bkolik dn\u00ed p\u0159edem. Kypr byl jejich hlavn\u00edm s\u00eddlem. Pokud m\u011bli n\u011bjak\u00fd poklad, b\u011bhem t\u00e9to doby ho ukryli tak d\u016fmysln\u011b, \u017ee ho dosud nikdo nena\u0161el\u2026<\/p>\n<p><strong>\u010ct\u011bte v\u00edce:\u00a0<\/strong><\/p>\n<ul>\n<li><em>Stru\u010dn\u00e1 historie \u0159\u00e1du a ud\u00e1lost\u00ed s n\u00edm souvisej\u00edc\u00edch, spolu s p\u00e1tr\u00e1n\u00edm po p\u016fsoben\u00ed v \u010cR. KPUFO.CZ, In: <a href=\"https:\/\/kpufo.cz\/oblasti\/ota\/templar\/\" target=\"_blank\" rel=\"noopener\">https:\/\/kpufo.cz\/oblasti\/ota\/templar\/<\/a><\/em><\/li>\n<\/ul>\n","protected":false},"excerpt":{"rendered":"<p>\u0158\u00e1d chud\u00fdch ryt\u00ed\u0159\u016f Kristov\u00fdch, zn\u00e1m\u011bj\u0161\u00ed jako \u0158\u00e1d templu \u2013 chr\u00e1mu \u0160alomounova &#8211; templ\u00e1\u0159i, trval t\u00e9m\u011b\u0159 200 let, a nep\u0159est\u00e1v\u00e1 vzru\u0161ovat<\/p>\n","protected":false},"author":1,"featured_media":762,"comment_status":"closed","ping_status":"open","sticky":false,"template":"","format":"standard","meta":{"footnotes":""},"categories":[9],"tags":[24],"class_list":["post-761","post","type-post","status-publish","format-standard","has-post-thumbnail","hentry","category-historie","tag-evropa"],"_links":{"self":[{"href":"https:\/\/www.zahadyazajimavosti.cz\/index.php\/wp-json\/wp\/v2\/posts\/761","targetHints":{"allow":["GET"]}}],"collection":[{"href":"https:\/\/www.zahadyazajimavosti.cz\/index.php\/wp-json\/wp\/v2\/posts"}],"about":[{"href":"https:\/\/www.zahadyazajimavosti.cz\/index.php\/wp-json\/wp\/v2\/types\/post"}],"author":[{"embeddable":true,"href":"https:\/\/www.zahadyazajimavosti.cz\/index.php\/wp-json\/wp\/v2\/users\/1"}],"replies":[{"embeddable":true,"href":"https:\/\/www.zahadyazajimavosti.cz\/index.php\/wp-json\/wp\/v2\/comments?post=761"}],"version-history":[{"count":1,"href":"https:\/\/www.zahadyazajimavosti.cz\/index.php\/wp-json\/wp\/v2\/posts\/761\/revisions"}],"predecessor-version":[{"id":763,"href":"https:\/\/www.zahadyazajimavosti.cz\/index.php\/wp-json\/wp\/v2\/posts\/761\/revisions\/763"}],"wp:featuredmedia":[{"embeddable":true,"href":"https:\/\/www.zahadyazajimavosti.cz\/index.php\/wp-json\/wp\/v2\/media\/762"}],"wp:attachment":[{"href":"https:\/\/www.zahadyazajimavosti.cz\/index.php\/wp-json\/wp\/v2\/media?parent=761"}],"wp:term":[{"taxonomy":"category","embeddable":true,"href":"https:\/\/www.zahadyazajimavosti.cz\/index.php\/wp-json\/wp\/v2\/categories?post=761"},{"taxonomy":"post_tag","embeddable":true,"href":"https:\/\/www.zahadyazajimavosti.cz\/index.php\/wp-json\/wp\/v2\/tags?post=761"}],"curies":[{"name":"wp","href":"https:\/\/api.w.org\/{rel}","templated":true}]}}