{"id":679,"date":"2023-05-31T00:26:18","date_gmt":"2023-05-30T22:26:18","guid":{"rendered":"https:\/\/www.zahadyazajimavosti.cz\/?p=679"},"modified":"2023-06-02T23:57:19","modified_gmt":"2023-06-02T21:57:19","slug":"ztratil-se-armando-valdes","status":"publish","type":"post","link":"https:\/\/www.zahadyazajimavosti.cz\/index.php\/2023\/05\/31\/ztratil-se-armando-valdes\/","title":{"rendered":"Ztratil se Armando Vald\u00e9s?"},"content":{"rendered":"<p><strong>Jeden z nejzn\u00e1m\u011bj\u0161\u00edch chilsk\u00fdch paranorm\u00e1ln\u00edch p\u0159\u00edpad\u016f byl sv\u00e9r\u00e1zn\u00fd \u017eert<\/strong><!--more--><\/p>\n<p>25.dubna 1977 se odehr\u00e1l p\u0159\u00edpad, kter\u00fd 30 let vzru\u0161oval mnoh\u00e9 ufology a dostal se do \u0159ady knih a \u010dl\u00e1nk\u016f hlavn\u011b v Ji\u017en\u00ed Americe.<\/p>\n<p style=\"text-align: center;\"><img loading=\"lazy\" decoding=\"async\" class=\"alignnone size-full wp-image-681\" src=\"https:\/\/www.zahadyazajimavosti.cz\/wp-content\/uploads\/2023\/05\/zaz_Ztratil-se-Armando-Valdes2.jpg\" alt=\"\" width=\"220\" height=\"139\" \/><\/p>\n<p>Podle legendy skupina \u0161esti chilsk\u00fdch voj\u00e1k\u016f ten den na jak\u00e9si vojensk\u00e9 misi u hranic s <em>Bol\u00edvi\u00ed<\/em> sed\u011blo kolem 4:15 r\u00e1no u ohn\u011b a dal\u0161\u00ed dva voj\u00e1ci dr\u017eeli str\u00e1\u017e o kousek d\u00e1l.<\/p>\n<p>N\u00e1hle spat\u0159ili za horami n\u011bjak\u00e9 sv\u011btlo. Byly to dva oran\u017eov\u011b z\u00e1\u0159\u00edc\u00ed objekty ve tvaru disku.<\/p>\n<p>Jeden z objekt\u016f z\u0159ejm\u011b p\u0159ist\u00e1l za kopcem, druh\u00fd se p\u0159ibl\u00ed\u017eil bl\u00ed\u017ee k voj\u00e1k\u016fm. <em>Valdes,<\/em> kter\u00fd se vzd\u00e1lil na p\u00e1r des\u00edtek metr\u016f od skupiny a dostal se a\u017e pod objekt. Z n\u011bj vy\u0161lehl sv\u011bteln\u00fd paprsek \u0161irok\u00fd asi 1m a <em>Armando Valdes<\/em> zmizel. V moment\u011b zmizen\u00ed <em>Valdese<\/em> se objekt prudce oto\u010dil a vysokou rychlost\u00ed odlet\u011bl. Ostatn\u00ed za\u010dali podd\u016fstojn\u00edka hledat, ale nikde nebyl. Po patn\u00e1cti minut\u00e1ch se <em>Valdes<\/em> znovu objevil, jakoby se zhmotnil ve vzduchu. Jakmile se vr\u00e1til, tak se sna\u017eil voj\u00e1k\u016fm n\u011bco \u0159\u00edci, ale upadl do bezv\u011bdom\u00ed. Voj\u00e1ci zjistili, \u017ee <em>Armandovi<\/em> b\u011bhem jeho nep\u0159\u00edtomnosti narostl takov\u00fd vous, jakoby se neholil p\u0159esn\u011b p\u011bt dn\u00ed. Dal\u0161\u00ed zaj\u00edmav\u00e9 zji\u0161t\u011bn\u00ed bylo, \u017ee jeho hodinky ukazuj\u00ed spr\u00e1vn\u00fd \u010das, kdy se <em>Valdes<\/em> objevil, ale datum bylo posunuto p\u0159esn\u011b o p\u011bt dn\u00ed nap\u0159ed. <em>Armando Valdes<\/em> tedy po \u00fanosu do UFO zest\u00e1rl b\u011bhem 15 minut o p\u011bt dn\u00ed.<\/p>\n<p style=\"text-align: center;\"><img loading=\"lazy\" decoding=\"async\" class=\"alignnone wp-image-680 size-full\" src=\"https:\/\/www.zahadyazajimavosti.cz\/wp-content\/uploads\/2023\/05\/zaz_Ztratil-se-Armando-Valdes1.jpg\" alt=\"\" width=\"211\" height=\"255\" \/><\/p>\n<p><em>Vald\u00e9z<\/em> byl p\u0159evezen do nemocnice a p\u0159\u00edpad se rozlet\u011bl po cel\u00e9 zemi. Stal se n\u00e1m\u011btem mnoha \u010dl\u00e1nk\u016f, dostal se do knih, <em>Vald\u00e9z<\/em> byl zv\u00e1n to TV a inkasoval za sv\u016fj p\u0159\u00edb\u011bh zna\u010dn\u00e9 \u010d\u00e1stky.<\/p>\n<p>V roce 2009 se stal v\u011b\u0159\u00edc\u00edm, a tak se p\u0159iznal, \u017ee \u0161lo o vtip. Voj\u00e1ci skute\u010dn\u011b sledovali jak\u00e9si sv\u011btlo n\u00edzko nad obzorem a za\u010dali hovo\u0159it o UFO. Vald\u00e9z se \u0161el vymo\u010dit za ze\u010f a po\u010dkal 15 minut, p\u0159e\u0159\u00eddil si datum na digit\u00e1ln\u00edch hodink\u00e1ch a pak sko\u010dil ze zdi p\u0159ed voj\u00e1ky a sehr\u00e1l bezv\u011bdom\u00ed a historku o \u00fanosu.<\/p>\n<p>P\u0159edt\u00edm se t\u00fdden neholil, a proto\u017ee holen\u00ed bylo v arm\u00e1d\u011b povinn\u00e9, poda\u0159ilo se mu p\u0159esv\u011bd\u010dit voj\u00e1ky, \u017ee mu vousy n\u00e1hle narostly.<\/p>\n<p>P\u0159esv\u011bd\u010dil je zcela prost\u011b, nebo\u0165 k on\u011bm voj\u00e1k\u016fm nepat\u0159il, p\u0159i\u0161el jim naproti v noci, tak\u017ee mu nikdo vousy nekontroloval. Ne\u0161lo toti\u017e o \u017e\u00e1dnou v\u00fdznamnou vojenskou misi, tito voj\u00e1ci nem\u011bli \u017e\u00e1dn\u00e9 zbran\u011b. Dopravovali pouze seno a oves pro kon\u011b na n\u011bjak\u00e9 odlehl\u00e9 stanovi\u0161t\u011b.<\/p>\n<p>Sv\u011btlo, kter\u00e9 vid\u011bli nad obzorem, byla podle v\u0161eho <em>Venu\u0161e.<\/em> V\u0161e ostatn\u00ed bylo domy\u0161leno a vymy\u0161leno.<\/p>\n<p style=\"text-align: center;\"><img loading=\"lazy\" decoding=\"async\" class=\"alignnone wp-image-682\" src=\"https:\/\/www.zahadyazajimavosti.cz\/wp-content\/uploads\/2023\/05\/zaz_Ztratil-se-Armando-Valdes3-300x174.jpg\" alt=\"\" width=\"400\" height=\"232\" srcset=\"https:\/\/www.zahadyazajimavosti.cz\/wp-content\/uploads\/2023\/05\/zaz_Ztratil-se-Armando-Valdes3-300x174.jpg 300w, https:\/\/www.zahadyazajimavosti.cz\/wp-content\/uploads\/2023\/05\/zaz_Ztratil-se-Armando-Valdes3.jpg 590w\" sizes=\"auto, (max-width: 400px) 100vw, 400px\" \/><\/p>\n<p>V roce 2009 sd\u011blil, \u017ee to byl \u017eert, kter\u00fd se mu vymkl z rukou, kdy\u017e o jeho p\u0159\u00edb\u011bh m\u011bly z\u00e1jem jak ufologov\u00e9, tak i sd\u011blovac\u00ed prost\u0159edky, kter\u00e9 z d\u016fvodu napjat\u00e9 politick\u00e9 situace pot\u0159ebovaly odleh\u010dit atmosf\u00e9ru.<\/p>\n","protected":false},"excerpt":{"rendered":"<p>Jeden z nejzn\u00e1m\u011bj\u0161\u00edch chilsk\u00fdch paranorm\u00e1ln\u00edch p\u0159\u00edpad\u016f byl sv\u00e9r\u00e1zn\u00fd \u017eert<\/p>\n","protected":false},"author":1,"featured_media":387,"comment_status":"closed","ping_status":"open","sticky":false,"template":"","format":"standard","meta":{"footnotes":""},"categories":[15],"tags":[22,58,33,3],"class_list":["post-679","post","type-post","status-publish","format-standard","has-post-thumbnail","hentry","category-ufo-a-aaj","tag-jizni-amerika","tag-mimozemstane","tag-podvod","tag-ufo"],"_links":{"self":[{"href":"https:\/\/www.zahadyazajimavosti.cz\/index.php\/wp-json\/wp\/v2\/posts\/679","targetHints":{"allow":["GET"]}}],"collection":[{"href":"https:\/\/www.zahadyazajimavosti.cz\/index.php\/wp-json\/wp\/v2\/posts"}],"about":[{"href":"https:\/\/www.zahadyazajimavosti.cz\/index.php\/wp-json\/wp\/v2\/types\/post"}],"author":[{"embeddable":true,"href":"https:\/\/www.zahadyazajimavosti.cz\/index.php\/wp-json\/wp\/v2\/users\/1"}],"replies":[{"embeddable":true,"href":"https:\/\/www.zahadyazajimavosti.cz\/index.php\/wp-json\/wp\/v2\/comments?post=679"}],"version-history":[{"count":1,"href":"https:\/\/www.zahadyazajimavosti.cz\/index.php\/wp-json\/wp\/v2\/posts\/679\/revisions"}],"predecessor-version":[{"id":683,"href":"https:\/\/www.zahadyazajimavosti.cz\/index.php\/wp-json\/wp\/v2\/posts\/679\/revisions\/683"}],"wp:featuredmedia":[{"embeddable":true,"href":"https:\/\/www.zahadyazajimavosti.cz\/index.php\/wp-json\/wp\/v2\/media\/387"}],"wp:attachment":[{"href":"https:\/\/www.zahadyazajimavosti.cz\/index.php\/wp-json\/wp\/v2\/media?parent=679"}],"wp:term":[{"taxonomy":"category","embeddable":true,"href":"https:\/\/www.zahadyazajimavosti.cz\/index.php\/wp-json\/wp\/v2\/categories?post=679"},{"taxonomy":"post_tag","embeddable":true,"href":"https:\/\/www.zahadyazajimavosti.cz\/index.php\/wp-json\/wp\/v2\/tags?post=679"}],"curies":[{"name":"wp","href":"https:\/\/api.w.org\/{rel}","templated":true}]}}