{"id":508,"date":"2023-04-28T00:04:09","date_gmt":"2023-04-27T22:04:09","guid":{"rendered":"https:\/\/www.zahadyazajimavosti.cz\/?p=508"},"modified":"2023-04-28T20:37:01","modified_gmt":"2023-04-28T18:37:01","slug":"jezis-zemrel-3-dubna-33","status":"publish","type":"post","link":"https:\/\/www.zahadyazajimavosti.cz\/index.php\/2023\/04\/28\/jezis-zemrel-3-dubna-33\/","title":{"rendered":"Je\u017e\u00ed\u0161 zem\u0159el 3. dubna 33"},"content":{"rendered":"<p><strong>P\u0159esn\u00e9 datum smrti Je\u017e\u00ed\u0161e Krista stanovili geologov\u00e9<\/strong><!--more--><\/p>\n<p>V\u011bdci spo\u010d\u00edtali, \u017ee Spasitel zem\u0159el na k\u0159\u00ed\u017ei 3. dubna 33 n. l.<\/p>\n<p>Evangelista Matou\u0161 napsal, \u017ee pot\u00e9, co uk\u0159i\u017eovan\u00fd Je\u017e\u00ed\u0161 <em>&#8222;zvolal hlasem velik\u00fdm, vypustil du\u0161i&#8220;, &#8222;zem\u011b se ot\u0159\u00e1sla.&#8220;<\/em> (Matou\u0161 27: 50-51).<\/p>\n<p>V\u011bdci z n\u011bmeck\u00e9ho geologick\u00e9ho v\u00fdzkumn\u00e9ho centra <em>(German Research Center for Geosciences)<\/em> zkoumali, zda mohla tato pozn\u00e1mka odkazovat na ud\u00e1lost skute\u010dn\u00e9ho zem\u011bt\u0159esen\u00ed v t\u00e9to oblasti.<\/p>\n<p>Znamenalo by to skute\u010dn\u011b ur\u010dit datum smrti <em>Je\u017e\u00ed\u0161e Krista.<\/em><\/p>\n<p>V\u011bdci v \u010dele s Williamsem Jeffersonem zkoumali rozs\u00e1hl\u00e9 \u00fazem\u00ed kolem Mrtv\u00e9ho mo\u0159e. Jejich v\u00fdsledky uk\u00e1zaly, \u017ee asi p\u0159ed dv\u011bma tis\u00edci lety zde do\u0161lo k velmi siln\u00e9mu zem\u011bt\u0159esen\u00ed. \u00dadaje se v\u0161ak vztahovaly k obdob\u00ed od roku 26 do 36 roku na\u0161eho letopo\u010dtu.<\/p>\n<p>Geologov\u00e9 se d\u00e1le dr\u017eeli \u00fadaj\u016f z Bible \u2013 Je\u017e\u00ed\u0161 byl uk\u0159i\u017eov\u00e1n za vl\u00e1dy prokur\u00e1tora Pil\u00e1ta Pontsk\u00e9ho, a v p\u00e1tek, po prvn\u00edm \u00fapl\u0148ku po dni jarn\u00ed rovnodennosti.<\/p>\n<p>A nav\u00edc, v pr\u016fb\u011bhu uk\u0159i\u017eov\u00e1n\u00ed do\u0161lo k zatm\u011bn\u00ed Slunce. Alespo\u0148 Luk\u00e1\u0161 o tom hovo\u0159\u00ed takto: &#8222;Bylo u\u017e kolem poledne, tu nastala tma po cel\u00e9 zemi a\u017e do t\u0159\u00ed hodin, proto\u017ee se zatm\u011blo slunce&#8230;&#8220; (Lk, 23,44)<\/p>\n<p>Podle sou\u010dasn\u00fdch v\u00fdpo\u010dt\u016f do\u0161lo k zatm\u011bn\u00ed Slunce roku 33 &#8211; za\u010dalo kolem 12 hodiny a skon\u010dilo kolem 15 hodin.<\/p>\n<p>Po soust\u0159ed\u011bn\u00ed v\u0161ech t\u011bchto \u00fadaj\u016f v\u011bdci dosp\u011bli k z\u00e1v\u011bru, \u017ee Je\u017e\u00ed\u0161 Kristus zem\u0159el na k\u0159\u00ed\u017ei v p\u00e1tek 3. dubna roku 33 na\u0161eho letopo\u010dtu, asi v 15 hodin.<\/p>\n<p>K podstat\u011b stejn\u00fdm v\u00fdsledk\u016fm, jen s pomoc\u00ed astronomick\u00fdch stop, dosp\u011bli Liviu Mircea a Tiberiu Oprah z N\u00e1rodn\u00ed observato\u0159e Rumunska.<\/p>\n<p>Podle nich Je\u017e\u00ed\u0161 vstal z mrtv\u00fdch 5. dubna 33 n.l. ve 4 hodiny r\u00e1no.<\/p>\n","protected":false},"excerpt":{"rendered":"<p>P\u0159esn\u00e9 datum smrti Je\u017e\u00ed\u0161e Krista stanovili geologov\u00e9<\/p>\n","protected":false},"author":1,"featured_media":509,"comment_status":"closed","ping_status":"open","sticky":false,"template":"","format":"standard","meta":{"footnotes":""},"categories":[9,17,19],"tags":[41,24,42],"class_list":["post-508","post","type-post","status-publish","format-standard","has-post-thumbnail","hentry","category-historie","category-veda","category-zahady","tag-archeologie","tag-evropa","tag-geologie"],"_links":{"self":[{"href":"https:\/\/www.zahadyazajimavosti.cz\/index.php\/wp-json\/wp\/v2\/posts\/508","targetHints":{"allow":["GET"]}}],"collection":[{"href":"https:\/\/www.zahadyazajimavosti.cz\/index.php\/wp-json\/wp\/v2\/posts"}],"about":[{"href":"https:\/\/www.zahadyazajimavosti.cz\/index.php\/wp-json\/wp\/v2\/types\/post"}],"author":[{"embeddable":true,"href":"https:\/\/www.zahadyazajimavosti.cz\/index.php\/wp-json\/wp\/v2\/users\/1"}],"replies":[{"embeddable":true,"href":"https:\/\/www.zahadyazajimavosti.cz\/index.php\/wp-json\/wp\/v2\/comments?post=508"}],"version-history":[{"count":1,"href":"https:\/\/www.zahadyazajimavosti.cz\/index.php\/wp-json\/wp\/v2\/posts\/508\/revisions"}],"predecessor-version":[{"id":510,"href":"https:\/\/www.zahadyazajimavosti.cz\/index.php\/wp-json\/wp\/v2\/posts\/508\/revisions\/510"}],"wp:featuredmedia":[{"embeddable":true,"href":"https:\/\/www.zahadyazajimavosti.cz\/index.php\/wp-json\/wp\/v2\/media\/509"}],"wp:attachment":[{"href":"https:\/\/www.zahadyazajimavosti.cz\/index.php\/wp-json\/wp\/v2\/media?parent=508"}],"wp:term":[{"taxonomy":"category","embeddable":true,"href":"https:\/\/www.zahadyazajimavosti.cz\/index.php\/wp-json\/wp\/v2\/categories?post=508"},{"taxonomy":"post_tag","embeddable":true,"href":"https:\/\/www.zahadyazajimavosti.cz\/index.php\/wp-json\/wp\/v2\/tags?post=508"}],"curies":[{"name":"wp","href":"https:\/\/api.w.org\/{rel}","templated":true}]}}