{"id":3359,"date":"2024-08-29T00:30:59","date_gmt":"2024-08-28T22:30:59","guid":{"rendered":"https:\/\/www.zahadyazajimavosti.cz\/?p=3359"},"modified":"2024-10-27T03:47:19","modified_gmt":"2024-10-27T02:47:19","slug":"zacalo-ufo-malem-treti-svetovou-valku","status":"publish","type":"post","link":"https:\/\/www.zahadyazajimavosti.cz\/index.php\/2024\/08\/29\/zacalo-ufo-malem-treti-svetovou-valku\/","title":{"rendered":"Za\u010dalo UFO m\u00e1lem t\u0159et\u00ed sv\u011btovou v\u00e1lku?"},"content":{"rendered":"<p><strong>Paul Hellyer (1923-2021), b\u00fdval\u00fd ministr obrany Kanady, vypr\u00e1v\u011bl p\u0159\u00edb\u011bh o flotile UFO, kter\u00e1 m\u00e1lem vyvolala sv\u011btovou v\u00e1lku (1). O jak\u00fd p\u0159\u00edb\u011bh jde?<\/strong><!--more--><\/p>\n<p>V roce 1961 se pr\u00fd objevila flotila asi 50 UFO, kter\u00e1 zam\u00ed\u0159ila na jih, p\u0159es \u00fazem\u00ed NATO od SSSR. To zp\u016fsobilo rozruch. Vrchn\u00ed velitel spojeneck\u00fdch sil v Evrop\u011b v panice t\u00e9m\u011b\u0159 stiskl pov\u011bstn\u00e9 tla\u010d\u00edtko. Flotila se kone\u010dn\u011b oto\u010dila a zam\u00ed\u0159ila k severn\u00edmu p\u00f3lu. Vy\u0161et\u0159ov\u00e1n\u00ed incidentu, podle kanadsk\u00e9ho ministra obrany v d\u016fchodu, trvalo t\u0159i roky. V\u00fdsledky uk\u00e1zaly, \u017ee nejm\u00e9n\u011b \u010dty\u0159i typy bytost\u00ed nav\u0161t\u011bvuj\u00ed Zemi po tis\u00edce let.<\/p>\n<p><img loading=\"lazy\" decoding=\"async\" class=\"wp-image-3360 size-full aligncenter\" src=\"https:\/\/www.zahadyazajimavosti.cz\/wp-content\/uploads\/2024\/10\/zaz_ufo_malem1.jpg\" alt=\"\" width=\"400\" height=\"305\" srcset=\"https:\/\/www.zahadyazajimavosti.cz\/wp-content\/uploads\/2024\/10\/zaz_ufo_malem1.jpg 400w, https:\/\/www.zahadyazajimavosti.cz\/wp-content\/uploads\/2024\/10\/zaz_ufo_malem1-300x229.jpg 300w\" sizes=\"auto, (max-width: 400px) 100vw, 400px\" \/><\/p>\n<p>N\u00e1let \u201el\u00e9taj\u00edc\u00edch tal\u00ed\u0159\u016f&#8220; na z\u00e1padn\u00ed Evropu je \u010dir\u00fd v\u00fdmysl jist\u00e9ho Roberta Deana (2), kter\u00fd s\u00e1m sebe naz\u00fdv\u00e1 ufologem.<\/p>\n<p>\u201eBrzy r\u00e1no dne 2. \u00fanora 1961,\u201c \u0159ekl Hellyer v rozhovoru, &#8222;voj\u00e1ci spat\u0159ili UFO, kter\u00e9 let\u011blo od sov\u011btsk\u00e9ho sektoru na v\u00fdchod\u011b v \u0159ad\u00e1ch, a byly jasn\u011b inteligentn\u011b \u0159\u00edzeny&#8230;\u201c<\/p>\n<p>Podle Deana, &#8222;mar\u0161\u00e1l letectva Sir Thomas Tike, kter\u00fd byl v t\u00e9 dob\u011b z\u00e1stupcem velitele spojeneck\u00fdch sil v Evrop\u011b, zah\u00e1jil vy\u0161et\u0159ov\u00e1n\u00ed &#8211; vojensk\u00fd program s c\u00edlem zjistit, co se stalo. M\u00e1lem do\u0161lo k v\u00e1lce s SSSR alespo\u0148 \u0161estkr\u00e1t v d\u016fsledku pohyb\u016f velk\u00fdch, kulat\u00fdch a kovov\u00fdch p\u0159edm\u011bt\u016f, let\u00edc\u00edch ve velk\u00e9 v\u00fd\u0161ce a velkou rychlost\u00ed po cel\u00e9 st\u0159edn\u00ed Evrop\u011b.&#8220;<\/p>\n<p>Tak\u00e9 Dean tvrd\u00ed, \u017ee Zemi nav\u0161t\u011bvuj\u00ed \u010dty\u0159i typy mimozem\u0161\u0165an\u016f. Aby dok\u00e1zal sv\u00e9 poh\u00e1dky, p\u0159edkl\u00e1d\u00e1 fotokopii prvn\u00ed str\u00e1nky zpr\u00e1vy vypracovan\u00e9 na z\u00e1klad\u011b v\u00fdsledk\u016f \u0161et\u0159en\u00ed, na kter\u00e9m se \u00fadajn\u011b pod\u00edlel.<br \/>\n&#8222;Ufologovy&#8220; v\u00fdmysly odhalil b\u00fdval\u00fd n\u00e1\u010deln\u00edk \u0161t\u00e1bu ministerstva obrany Spojen\u00e9ho kr\u00e1lovstv\u00ed Lord Peter Hill-Norton. Nelenil a zjistil, \u017ee utajen\u00e1 &#8222;Secret&#8220; zpr\u00e1va, \u00fadajn\u011b vytvo\u0159en\u00e1 k t\u00e9to \u00fanorov\u00e9 ud\u00e1losti, podle n\u011bkolika parametr\u016f neodpov\u00edd\u00e1 obvykl\u00fdm vzor\u016fm.<\/p>\n<p>Dean s\u00e1m, jak dosv\u011bd\u010duj\u00ed reference z\u00edskan\u00e9 z archiv\u016f NATO, nem\u011bl p\u0159\u00edstup k tajn\u00fdm informac\u00edm. A pr\u00e1v\u011b vzpom\u00ednan\u00fd program &#8222;ULTRA&#8220; byl provozov\u00e1n pouze b\u011bhem druh\u00e9 sv\u011btov\u00e9 v\u00e1lky a nem\u00e1 \u017e\u00e1dn\u00fd vztah k UFO.<\/p>\n<p style=\"text-align: center;\"><img loading=\"lazy\" decoding=\"async\" class=\"alignnone wp-image-3361 size-full\" src=\"https:\/\/www.zahadyazajimavosti.cz\/wp-content\/uploads\/2024\/10\/zaz_ufo_malem2.jpg\" alt=\"\" width=\"450\" height=\"214\" srcset=\"https:\/\/www.zahadyazajimavosti.cz\/wp-content\/uploads\/2024\/10\/zaz_ufo_malem2.jpg 450w, https:\/\/www.zahadyazajimavosti.cz\/wp-content\/uploads\/2024\/10\/zaz_ufo_malem2-300x143.jpg 300w\" sizes=\"auto, (max-width: 450px) 100vw, 450px\" \/><\/p>\n<p style=\"text-align: center;\"><em>Obr. UFO l\u00e9taj\u00ed ve flotil\u00e1ch&#8230; (sn\u00edmky pouli\u010dn\u00edch sv\u011btel z L\u00fcbecku)\u00a0<\/em><\/p>\n<p>Bohu\u017eel, mnoho z p\u0159\u00edb\u011bh\u016f o mimozem\u0161\u0165anech, a\u010d vypadaj\u00ed jakkoli p\u0159esv\u011bd\u010div\u011b, vznikly na z\u00e1klad\u011b fale\u0161n\u00fdch zpr\u00e1v. Pro\u010d si vznikaj\u00ed? Chcete-li odvr\u00e1tit pozornost od n\u011b\u010deho hodnotn\u00e9ho, vytvo\u0159\u00ed se podobn\u00fd nesmysl. To je n\u00e1m\u011bt na samostatn\u00e9 t\u00e9ma.<\/p>\n<p>A jak\u00e1 je pravda?<\/p>\n<p>5.\u0159\u00edjna 1960 radar v\u010dasn\u00e9ho varov\u00e1n\u00ed v Thule &#8211; nejsevern\u011bj\u0161\u00ed americk\u00e9 z\u00e1kladny protivzdu\u0161n\u00e9 obrany, kter\u00e1 se nach\u00e1z\u00ed na pob\u0159e\u017e\u00ed Gr\u00f3nska (3) opravdu zaregistroval &#8222;letku&#8220; UFO, kter\u00e1 se pohybovala od SSSR k USA. Po vyhl\u00e1\u0161en\u00ed poplachu vzl\u00e9tly bombard\u00e9ry. Do bojov\u00e9 pohotovosti byly uvedeny balistick\u00e9 rakety.<\/p>\n<p>Velitelstv\u00ed Strategick\u00e9ho letectva Spojen\u00fdch st\u00e1t\u016f (SAC) \u017e\u00e1dalo od Thule nejnov\u011bj\u0161\u00ed data. Ale z\u00e1kladna neodpov\u011bd\u011bla. Zd\u00e1lo se, \u017ee byla zni\u010dena&#8230;<\/p>\n<p>Do zah\u00e1jen\u00ed t\u0159et\u00ed sv\u011btov\u00e9 v\u00e1lky z\u016fst\u00e1valy u\u017e jen minuty. A pak se objekty n\u00e1hle oto\u010dily sm\u011brem k severn\u00edmu p\u00f3lu. Mar\u0161\u00e1l vojensk\u00e9ho letectva Kanady Roy Slemon obnovil kontakt se z\u00e1kladnou v Thule na n\u00e1hradn\u00edm kan\u00e1lu a po uji\u0161t\u011bn\u00ed, \u017ee se nic nestalo, doporu\u010dil poplach zru\u0161it. To se pak samoz\u0159ejm\u011b dozv\u011bd\u011bl Paul Hellyer, kter\u00fd p\u0159evzal funkci ministra obrany o t\u0159i roky pozd\u011bji.<\/p>\n<p style=\"text-align: center;\"><img loading=\"lazy\" decoding=\"async\" class=\"alignnone wp-image-3362 size-full\" src=\"https:\/\/www.zahadyazajimavosti.cz\/wp-content\/uploads\/2024\/10\/zaz_ufo_malem3.jpg\" alt=\"\" width=\"450\" height=\"282\" srcset=\"https:\/\/www.zahadyazajimavosti.cz\/wp-content\/uploads\/2024\/10\/zaz_ufo_malem3.jpg 450w, https:\/\/www.zahadyazajimavosti.cz\/wp-content\/uploads\/2024\/10\/zaz_ufo_malem3-300x188.jpg 300w\" sizes=\"auto, (max-width: 450px) 100vw, 450px\" \/><\/p>\n<p style=\"text-align: center;\"><em>Obr. Flotila &#8222;l\u00e9taj\u00edc\u00edch tal\u00ed\u0159\u016f&#8220; nad Washingtonem\u2026 (jde o odraz pouli\u010dn\u00edch sv\u011btel)\u00a0<\/em><\/p>\n<p>Ofici\u00e1ln\u00ed vysv\u011btlen\u00ed Pentagonu bylo, \u017ee radar zachytil radarov\u00e9 sign\u00e1ly odra\u017een\u00e9 od M\u011bs\u00edce, a ztr\u00e1tu spojen\u00ed se z\u00e1kladnou zp\u016fsobila ledov\u00e1 kra, kter\u00e1 p\u0159eru\u0161ila podmo\u0159sk\u00fd kabel.<\/p>\n<p>Je mo\u017en\u00e9, \u017ee \u0161lo o v\u00fdmluvu. Zachycen\u00ed UFO \u2013 tedy \u201eneidentifikovan\u00e9ho objektu\u201c bylo skute\u010dn\u00e9. Mo\u017en\u00e1, \u017ee i to zp\u016fsobilo ztr\u00e1tu spojen\u00ed.<\/p>\n<p>Mno\u017estv\u00ed p\u0159\u00edpad\u016f, b\u011bhem nich\u017e bylo zachyceno UFO prost\u0159edky protivzdu\u0161n\u00e9 a protiraketov\u00e9 obrany, vyvolalo pot\u0159ebu vlo\u017eit do &#8222;dohody o sn\u00ed\u017een\u00ed rizika vzniku jadern\u00e9 v\u00e1lky&#8220; mezi SSSR a USA zvl\u00e1\u0161tn\u00ed odstavec: &#8222;Ob\u011b strany se zavazuj\u00ed okam\u017eit\u011b navz\u00e1jem informovat p\u0159i detekci nezn\u00e1m\u00fdch t\u011bles syst\u00e9my protiraketov\u00e9ho varov\u00e1n\u00ed.&#8220; (4)<\/p>\n<p>Pro\u010d Hellyer zam\u011bnil pravdu s fikc\u00ed? Mo\u017en\u00e1, \u017ee jde o n\u011bjak\u00fd z\u00e1m\u011brn\u00fd \u00famysl&#8230; a nebo mo\u017en\u00e1 hlava selhala\u2026<\/p>\n<p>Pro\u010d v\u011b\u0159it \u010dlov\u011bku, kter\u00fd, a\u010d byl kdysi ministrem obrany, dnes bez mrknut\u00ed oka \u0159\u00edk\u00e1: &#8222;UFO jsou stejn\u011b skute\u010dn\u00e9 jako letadla l\u00e9taj\u00edc\u00ed nad na\u0161imi hlavami.&#8220; A \u0161okuje prohl\u00e1\u0161en\u00edm: &#8222;Pokud sest\u0159el\u00edme by\u0165 jeden &#8222;l\u00e9taj\u00edc\u00ed tal\u00ed\u0159&#8220;, nevyhneme se mezihv\u011bzdn\u00e9 v\u00e1lce.&#8220;<\/p>\n<p>Ale je jist\u00e9, \u017ee a\u0165 jde o jakkoli vysok\u00fd post, kter\u00fd \u010dlov\u011bk zast\u00e1val v minulosti, nezaru\u010duje pravdivost jeho jak\u00e9hokoli prohl\u00e1\u0161en\u00ed v sou\u010dasnosti.<\/p>\n<p style=\"text-align: center;\"><img loading=\"lazy\" decoding=\"async\" class=\"alignnone wp-image-3363 size-full\" src=\"https:\/\/www.zahadyazajimavosti.cz\/wp-content\/uploads\/2024\/10\/zaz_ufo_malem4.jpg\" alt=\"\" width=\"450\" height=\"390\" srcset=\"https:\/\/www.zahadyazajimavosti.cz\/wp-content\/uploads\/2024\/10\/zaz_ufo_malem4.jpg 450w, https:\/\/www.zahadyazajimavosti.cz\/wp-content\/uploads\/2024\/10\/zaz_ufo_malem4-300x260.jpg 300w\" sizes=\"auto, (max-width: 450px) 100vw, 450px\" \/><\/p>\n<p style=\"text-align: center;\"><em>Obr. Jeden z mnoha podvodn\u00fdch sn\u00edmk\u016f UFO<\/em><\/p>\n<p><strong><em>Odkazy<\/em><\/strong><\/p>\n<p><em>(1) Pov\u00edda\u010dky Paula Hellyera. KPUFO.CZ, 24.1.2014<\/em><br \/>\n<em>(2) <a href=\"http:\/\/en.wikipedia.org\/wiki\/Robert_Dean_%28ufologist%29\" target=\"_blank\" rel=\"noopener\">http:\/\/en.wikipedia.org\/wiki\/Robert_Dean_%28ufologist%29<\/a> <\/em><br \/>\n<em>(3) <a href=\"http:\/\/en.wikipedia.org\/wiki\/Thule_Air_Base\" target=\"_blank\" rel=\"noopener\">http:\/\/en.wikipedia.org\/wiki\/Thule_Air_Base<\/a> <\/em><br \/>\n<em>(4) <a href=\"http:\/\/zakon.law7.ru\/base45\/part1\/d45ru1587.htm\" target=\"_blank\" rel=\"noopener\">http:\/\/zakon.law7.ru\/base45\/part1\/d45ru1587.htm<\/a><\/em><\/p>\n","protected":false},"excerpt":{"rendered":"<p>Paul Hellyer (1923-2021), b\u00fdval\u00fd ministr obrany Kanady, vypr\u00e1v\u011bl p\u0159\u00edb\u011bh o flotile UFO, kter\u00e1 m\u00e1lem vyvolala sv\u011btovou v\u00e1lku (1). O jak\u00fd<\/p>\n","protected":false},"author":1,"featured_media":184,"comment_status":"closed","ping_status":"open","sticky":false,"template":"","format":"standard","meta":{"footnotes":""},"categories":[15],"tags":[27,33,3,38],"class_list":["post-3359","post","type-post","status-publish","format-standard","has-post-thumbnail","hentry","category-ufo-a-aaj","tag-kritika","tag-podvod","tag-ufo","tag-usa"],"_links":{"self":[{"href":"https:\/\/www.zahadyazajimavosti.cz\/index.php\/wp-json\/wp\/v2\/posts\/3359","targetHints":{"allow":["GET"]}}],"collection":[{"href":"https:\/\/www.zahadyazajimavosti.cz\/index.php\/wp-json\/wp\/v2\/posts"}],"about":[{"href":"https:\/\/www.zahadyazajimavosti.cz\/index.php\/wp-json\/wp\/v2\/types\/post"}],"author":[{"embeddable":true,"href":"https:\/\/www.zahadyazajimavosti.cz\/index.php\/wp-json\/wp\/v2\/users\/1"}],"replies":[{"embeddable":true,"href":"https:\/\/www.zahadyazajimavosti.cz\/index.php\/wp-json\/wp\/v2\/comments?post=3359"}],"version-history":[{"count":1,"href":"https:\/\/www.zahadyazajimavosti.cz\/index.php\/wp-json\/wp\/v2\/posts\/3359\/revisions"}],"predecessor-version":[{"id":3364,"href":"https:\/\/www.zahadyazajimavosti.cz\/index.php\/wp-json\/wp\/v2\/posts\/3359\/revisions\/3364"}],"wp:featuredmedia":[{"embeddable":true,"href":"https:\/\/www.zahadyazajimavosti.cz\/index.php\/wp-json\/wp\/v2\/media\/184"}],"wp:attachment":[{"href":"https:\/\/www.zahadyazajimavosti.cz\/index.php\/wp-json\/wp\/v2\/media?parent=3359"}],"wp:term":[{"taxonomy":"category","embeddable":true,"href":"https:\/\/www.zahadyazajimavosti.cz\/index.php\/wp-json\/wp\/v2\/categories?post=3359"},{"taxonomy":"post_tag","embeddable":true,"href":"https:\/\/www.zahadyazajimavosti.cz\/index.php\/wp-json\/wp\/v2\/tags?post=3359"}],"curies":[{"name":"wp","href":"https:\/\/api.w.org\/{rel}","templated":true}]}}