{"id":3140,"date":"2024-08-08T00:55:10","date_gmt":"2024-08-07T22:55:10","guid":{"rendered":"https:\/\/www.zahadyazajimavosti.cz\/?p=3140"},"modified":"2025-07-06T03:37:41","modified_gmt":"2025-07-06T01:37:41","slug":"pravda-o-skutecnem-drakulovi-3","status":"publish","type":"post","link":"https:\/\/www.zahadyazajimavosti.cz\/index.php\/2024\/08\/08\/pravda-o-skutecnem-drakulovi-3\/","title":{"rendered":"Pravda o skute\u010dn\u00e9m Drakulovi (3)"},"content":{"rendered":"<p><strong>Jak\u00fd byl vlastn\u011b prototyp krve\u017e\u00edzniv\u00e9ho up\u00edra \u2013 kn\u00ed\u017ee Vlad Tepes?<\/strong><!--more--><\/p>\n<p><strong><img loading=\"lazy\" decoding=\"async\" class=\"size-full wp-image-3118 alignleft\" src=\"https:\/\/www.zahadyazajimavosti.cz\/wp-content\/uploads\/2024\/11\/zaz_Pravda-o-skutecnem-Drakulovi00.jpg\" alt=\"\" width=\"120\" height=\"148\" \/>Dracula nabodl stovky lid\u00ed na k\u016fl<\/strong><\/p>\n<p>Kdy\u017e se Turci p\u0159ibl\u00ed\u017eili k hlavn\u00edmu m\u011bstu Vala\u0161ska &#8211; Targovi\u0161te &#8211; Turci se neodv\u00e1\u017eili na n\u011bj za\u00fato\u010dit. \u010cekali tam na n\u011b stovky nabodnut\u00fdch tureck\u00fdch zajatc\u016f. Tento krut\u00fd zp\u016fsob proveden\u00ed popravy si ostatn\u011b Dracula p\u016fj\u010dil od Turk\u016f.<\/p>\n<p>Turci se ut\u00e1bo\u0159ili v okol\u00ed hlavn\u00edho m\u011bsta. Vala\u0161sk\u00fd kn\u00ed\u017ee je v noci napadl se sedmi tis\u00edci voj\u00e1ky. Po\u010det ob\u011bt\u00ed byl obrovsk\u00fd &#8211; ture\u010dt\u00ed voj\u00e1ci ve tm\u011b nemohli \u0159\u00edci, kde je nep\u0159\u00edtel. A tak se jich v noci navz\u00e1jem mnoho pozab\u00edjelo. Po t\u00e9to noci, &#8222;dobyvatel\u00e9 Konstantinopole&#8220; a &#8222;hrozba cel\u00e9 Evropy&#8220;, byli nuceni ustoupit z Vala\u0161ska &#8211; arm\u00e1da tureck\u00e9ho imp\u00e9ria utrp\u011bla t\u011b\u017ek\u00e9 ztr\u00e1ty a byla demoralizov\u00e1na.<\/p>\n<p style=\"text-align: center;\"><img loading=\"lazy\" decoding=\"async\" class=\"alignnone wp-image-3130 size-full\" src=\"https:\/\/www.zahadyazajimavosti.cz\/wp-content\/uploads\/2024\/11\/zaz_Pravda-o-skutecnem-Drakulovi12.jpg\" alt=\"\" width=\"450\" height=\"272\" srcset=\"https:\/\/www.zahadyazajimavosti.cz\/wp-content\/uploads\/2024\/11\/zaz_Pravda-o-skutecnem-Drakulovi12.jpg 450w, https:\/\/www.zahadyazajimavosti.cz\/wp-content\/uploads\/2024\/11\/zaz_Pravda-o-skutecnem-Drakulovi12-300x181.jpg 300w\" sizes=\"auto, (max-width: 450px) 100vw, 450px\" \/><\/p>\n<p style=\"text-align: center;\"><em>Obr. 12 Portr\u00e9t Vlada Tepes v Muzeu um\u011bn\u00ed v Bukure\u0161ti. Obraz vlevo \u2013 ob\u00e1lka knihy Michaela Boeheima &#8222;O jednom velk\u00e9m \u010f\u00e1blu.&#8220;<\/em><\/p>\n<p><strong>Dracula str\u00e1vil 12 let ve v\u011bzen\u00ed<\/strong><\/p>\n<p>P\u0159i hled\u00e1n\u00ed pomoci v boji proti Osmansk\u00e9 \u0159\u00ed\u0161i Dracula ode\u0161el do Ma\u010farska, ke sv\u00e9mu p\u0159\u00edteli a p\u0159\u00edbuzn\u00e9mu, kr\u00e1li Maty\u00e1\u0161i Korv\u00ednovi. Ale tam byl zat\u010den. V zajet\u00ed Vlad Drakula str\u00e1vil 12 let.<\/p>\n<p>Kupodivu, kn\u00ed\u017ee byl obvin\u011bn ze spolupr\u00e1ce s Turky. \u00dadajn\u011b byla nalezena jeho korespondence se sult\u00e1nem. Pozdn\u011bji historici zjistili, \u017ee dopis byl fale\u0161n\u00fd. Komu to prosp\u00edvalo? Uhersk\u00e9mu kr\u00e1li. Maty\u00e1\u0161 Korv\u00edn se uv\u011bzn\u011bn\u00edm Draculy sna\u017eil zakr\u00fdt sv\u00e9 finan\u010dn\u00ed machinace. \u0160lo o to, \u017ee pape\u017e mu dal na boj proti Turk\u016fm velkou sumu pen\u011bz. Ale kam se pod\u011bla, je st\u00e1le z\u00e1hadou, proto\u017ee Vala\u0161sku uhersk\u00e1 arm\u00e1da nikdy na pomoc nep\u0159i\u0161la &#8230;<\/p>\n<p>Pravost korespondence Drakuly se sult\u00e1nem byla p\u0159ece jen velmi vratk\u00e1. A tak se objevila dal\u0161\u00ed obvin\u011bn\u00ed \u2013 z brutality proti obyvatel\u016fm Transylv\u00e1nie. D\u016fvodem byl anonymn\u00ed dokument, kter\u00fd se &#8222;n\u00e1hodou&#8220; na\u0161el u dvora. Tvrdilo se v n\u011bm, \u017ee Dracula zabil tis\u00edce pokojn\u00fdch obyvatel, posm\u00edval se jim, a hodoval uprost\u0159ed zkrvaven\u00fdch t\u011bl. Nav\u00edc pr\u00fd miloval sn\u00eddan\u011b mezi mrtvolami. \u017d\u00e1dn\u00e9 jin\u00e9 dokumenty z t\u00e9 doby nic takov\u00e9ho nemohou potvrdit. Modern\u00ed historici zcela opr\u00e1vn\u011bn\u011b pochybuj\u00ed o spolehlivosti takov\u00e9ho dokumentu.<\/p>\n<p>Ale kronik\u00e1\u0159i, kte\u0159\u00ed pracovali na Korv\u00ednov\u011b dvo\u0159e, na p\u0159\u00edkaz kr\u00e1le okam\u017eit\u011b tyto \u00fadaje uvedli ve sv\u00fdch z\u00e1znamech. Pot\u00e9 byly replikov\u00e1ny dal\u0161\u00edmi kronik\u00e1\u0159i Evropy. Dal\u0161\u00ed historici tak\u00e9 odkazovali na tento nepotvrzen\u00fd anonymn\u00ed dokument.<\/p>\n<p>I kdy\u017e v Uhr\u00e1ch Draculu soudili, dok\u00e1zat jeho vinu nemohli.<\/p>\n<p style=\"text-align: center;\"><img loading=\"lazy\" decoding=\"async\" class=\"alignnone wp-image-3131 size-full\" src=\"https:\/\/www.zahadyazajimavosti.cz\/wp-content\/uploads\/2024\/11\/zaz_Pravda-o-skutecnem-Drakulovi13.jpg\" alt=\"\" width=\"450\" height=\"272\" srcset=\"https:\/\/www.zahadyazajimavosti.cz\/wp-content\/uploads\/2024\/11\/zaz_Pravda-o-skutecnem-Drakulovi13.jpg 450w, https:\/\/www.zahadyazajimavosti.cz\/wp-content\/uploads\/2024\/11\/zaz_Pravda-o-skutecnem-Drakulovi13-300x181.jpg 300w\" sizes=\"auto, (max-width: 450px) 100vw, 450px\" \/><\/p>\n<p style=\"text-align: center;\"><em>Obr.13 Z\u0159\u00edceniny tvrze Visegr\u00e1du, kde Vlad III. pob\u00fdval v zajet\u00ed po 12 let. Obr\u00e1zek vpravo &#8211; jeden z dobov\u00fdch let\u00e1k\u016f, vypr\u00e1v\u011bj\u00edc\u00edch o zv\u011brstvech Draculy.<\/em><\/p>\n<p><strong>Dracula odpadl od v\u00edry<\/strong><\/p>\n<p>V roce 1475 nov\u00fd pape\u017e zah\u00e1jil dal\u0161\u00ed k\u0159\u00ed\u017eov\u00e9 ta\u017een\u00ed a Dracula byl propu\u0161t\u011bn. Pape\u017e ho pot\u0159eboval jako jednoho z nejsiln\u011bj\u0161\u00edch v\u00e1le\u010dn\u00edk\u016f a gener\u00e1l\u016f t\u00e9 doby. Podm\u00ednkou pro propu\u0161t\u011bn\u00ed bylo p\u0159ijet\u00ed katolick\u00e9 v\u00edry m\u00edsto pravoslavn\u00e9 a man\u017eelstv\u00ed se sestrou uhersk\u00e9ho kr\u00e1le. Drakula, v\u011bzn\u011bn\u00fd u\u017e 12 rok, souhlasil. Za pomoci spojen\u00fdch sil v\u00fdchodoevropsk\u00fdch vl\u00e1dc\u016f se Dracula vr\u00e1til na tr\u016fn Vala\u0161ska a pokra\u010doval v boji s Turky. Ale na Vala\u0161sku byl p\u0159ijat chladn\u011b &#8211; pro zm\u011bnu v\u00edry, za kterou bojoval po cel\u00fd sv\u016fj \u017eivot, byl Dracula ozna\u010den za &#8222;vlkodlaka.&#8220; Podle legend m\u00edstn\u00edch obyvatel, Drakula se t\u00edm tr\u00e1pil v\u00edc, ne\u017e jeho okol\u00ed v\u011bd\u011blo.<\/p>\n<p style=\"text-align: center;\"><img loading=\"lazy\" decoding=\"async\" class=\"alignnone wp-image-3132 size-full\" src=\"https:\/\/www.zahadyazajimavosti.cz\/wp-content\/uploads\/2024\/11\/zaz_Pravda-o-skutecnem-Drakulovi14.jpg\" alt=\"\" width=\"450\" height=\"272\" srcset=\"https:\/\/www.zahadyazajimavosti.cz\/wp-content\/uploads\/2024\/11\/zaz_Pravda-o-skutecnem-Drakulovi14.jpg 450w, https:\/\/www.zahadyazajimavosti.cz\/wp-content\/uploads\/2024\/11\/zaz_Pravda-o-skutecnem-Drakulovi14-300x181.jpg 300w\" sizes=\"auto, (max-width: 450px) 100vw, 450px\" \/><\/p>\n<p style=\"text-align: center;\"><em>Obr.14 Sc\u00e9na z filmu &#8222;Van Helsing&#8220;, 2004. Obraz v lev\u00e9m horn\u00edm rohu &#8211; portr\u00e9t Maty\u00e1\u0161e Korv\u00edna, d\u00edky n\u011bmu\u017e Dracula str\u00e1vil 12 let ve v\u011bzen\u00ed.<\/em><\/p>\n<p>Dodnes nen\u00ed zn\u00e1mo, kdo zabil Vlada III.<\/p>\n<p>Kn\u00ed\u017ee zem\u0159el v roce 1476. Necel\u00fd rok po jeho propu\u0161t\u011bn\u00ed z 12 let\u00e9ho v\u011bzn\u011bn\u00ed. N\u011bkter\u00e9 zdroje tvrd\u00ed, \u017ee byl zabit sluhou, podplacen\u00fdm Turky. Ostatn\u00ed &#8211; \u017ee Dracula byl zabit v bitv\u011b (n\u011bkte\u0159\u00ed historici tvrd\u00ed, \u017ee v bitv\u011b kn\u00ed\u017eete zabili jeho vlastn\u00ed lid\u00e9, ne\u017e nep\u0159\u00e1tel\u00e9). Jin\u00ed se domn\u00edvaj\u00ed, \u017ee Vlad III. upadl do pasti, zosnovan\u00e9 jeho p\u0159edch\u016fdcem (a pozd\u011bji tak\u00e9 n\u00e1stupcem) na tr\u016fn\u011b &#8211; Basarab III. Star\u00fd. (1)<\/p>\n<p style=\"text-align: center;\"><img loading=\"lazy\" decoding=\"async\" class=\"alignnone wp-image-3133 size-full\" src=\"https:\/\/www.zahadyazajimavosti.cz\/wp-content\/uploads\/2024\/11\/zaz_Pravda-o-skutecnem-Drakulovi15.jpg\" alt=\"\" width=\"450\" height=\"272\" srcset=\"https:\/\/www.zahadyazajimavosti.cz\/wp-content\/uploads\/2024\/11\/zaz_Pravda-o-skutecnem-Drakulovi15.jpg 450w, https:\/\/www.zahadyazajimavosti.cz\/wp-content\/uploads\/2024\/11\/zaz_Pravda-o-skutecnem-Drakulovi15-300x181.jpg 300w\" sizes=\"auto, (max-width: 450px) 100vw, 450px\" \/><\/p>\n<p style=\"text-align: center;\"><em>Obr.15 Luke Evans v roli Draculy ve stejnojmenn\u00e9m filmu z roku 2014. Obraz vpravo \u2013 Basarab III., kter\u00fd nahradil Draculu po jeho atent\u00e1tu na vala\u0161sk\u00e9m tr\u016fnu.<\/em><\/p>\n<p><strong>Je st\u00e1le nejasn\u00e9, kde se nach\u00e1z\u00ed hrob Draculy<\/strong><\/p>\n<p>Nejpopul\u00e1rn\u011bj\u0161\u00ed verze dnes \u0159\u00edk\u00e1, \u017ee vala\u0161sk\u00fd kn\u00ed\u017ee byl zabit nedaleko od kl\u00e1\u0161tera Snagov, kter\u00fd byl postaven z jeho dar\u016f. N\u011bkte\u0159\u00ed historici se domn\u00edvaj\u00ed, \u017ee Dracula zde prod\u011blal op\u011btovn\u00fd k\u0159est k pravoslavn\u00e9 c\u00edrkvi, proto\u017ee velmi trp\u011bl svou nucenou konverz\u00ed ke katolicismu. To nep\u0159\u00edmo potvrzuje i nejpravd\u011bpodobn\u011bj\u0161\u00ed poh\u0159ebi\u0161t\u011b kn\u00ed\u017eete. V\u011bt\u0161ina historik\u016f v\u011b\u0159\u00ed, \u017ee Dracula byl poh\u0159ben p\u0159ed olt\u00e1\u0159em kostela. A kdyby nebyl pok\u0159t\u011bn znovu v pravoslav\u00ed, je nepravd\u011bpodobn\u00e9, \u017ee by mni\u0161i takov\u00fd poh\u0159eb umo\u017enili.<\/p>\n<p>Nicm\u00e9n\u011b, existuj\u00ed i jin\u00e9 verze. N\u011bkte\u0159\u00ed historici tvrd\u00ed, \u017ee Dracula byl poh\u0159ben v kl\u00e1\u0161te\u0159e Comana nedaleko Bukure\u0161ti. Ale zast\u00e1nci nejmlad\u0161\u00ed, t\u0159et\u00ed verze, jsou p\u0159esv\u011bd\u010deni, \u017ee kn\u00ed\u017ee je pochov\u00e1n v jednom z kl\u00e1\u0161ter\u016f v Neapoli. Ale \u017e\u00e1dn\u00e9 p\u0159esn\u00e9 a v\u011brohodn\u00e9 \u00fadaje o hrob\u011b Dracula historici a archeologov\u00e9 nemaj\u00ed.<\/p>\n<p style=\"text-align: center;\"><img loading=\"lazy\" decoding=\"async\" class=\"alignnone wp-image-3134 size-full\" src=\"https:\/\/www.zahadyazajimavosti.cz\/wp-content\/uploads\/2024\/11\/zaz_Pravda-o-skutecnem-Drakulovi16.jpg\" alt=\"\" width=\"450\" height=\"272\" srcset=\"https:\/\/www.zahadyazajimavosti.cz\/wp-content\/uploads\/2024\/11\/zaz_Pravda-o-skutecnem-Drakulovi16.jpg 450w, https:\/\/www.zahadyazajimavosti.cz\/wp-content\/uploads\/2024\/11\/zaz_Pravda-o-skutecnem-Drakulovi16-300x181.jpg 300w\" sizes=\"auto, (max-width: 450px) 100vw, 450px\" \/><\/p>\n<p style=\"text-align: center;\"><em>Obr. 16 N\u011bkte\u0159\u00ed badatel\u00e9 v\u011b\u0159\u00ed, \u017ee hrobka Dracula se nach\u00e1z\u00ed na n\u00e1m\u011bst\u00ed Piazza Santa Maria Lanova v Neapoli. Na foto je n\u00e1hrobek s drakem. Nicm\u00e9n\u011b, v\u011bt\u0161ina v\u011bdc\u016f v\u011b\u0159\u00ed, \u017ee Drakula byl poh\u0159ben v kl\u00e1\u0161te\u0159e Snagov (na sn\u00edmku vpravo).<\/em><\/p>\n<p><strong>Potomci Draculy vl\u00e1dnou Brit\u00e1nii<\/strong><\/p>\n<p>O osobn\u00edm \u017eivot\u011b Vl\u00e1da III. je zn\u00e1mo velmi m\u00e1lo. Byl \u017eenat\u00fd dvakr\u00e1t. M\u011bl t\u0159i syny. V\u0161ichni t\u0159i zem\u0159eli v boj\u00edch v pom\u011brn\u011b ran\u00e9m v\u011bku. Ale jeden &#8211; Mihnea Zl\u00fd \u2013 sta\u010dil zanechat d\u011bdice. Mezi jeho potomky pat\u0159\u00ed i vl\u00e1dnouc\u00ed dynastie ve Velk\u00e9 Brit\u00e1nii! V roce 2011 prince Charles otev\u0159en\u011b prohl\u00e1sil, \u017ee je geneticky p\u0159\u00edbuzn\u00fd s Vladem Draculou.<\/p>\n<p style=\"text-align: center;\"><img loading=\"lazy\" decoding=\"async\" class=\"alignnone wp-image-3135 size-full\" src=\"https:\/\/www.zahadyazajimavosti.cz\/wp-content\/uploads\/2024\/11\/zaz_Pravda-o-skutecnem-Drakulovi17.jpg\" alt=\"\" width=\"450\" height=\"272\" srcset=\"https:\/\/www.zahadyazajimavosti.cz\/wp-content\/uploads\/2024\/11\/zaz_Pravda-o-skutecnem-Drakulovi17.jpg 450w, https:\/\/www.zahadyazajimavosti.cz\/wp-content\/uploads\/2024\/11\/zaz_Pravda-o-skutecnem-Drakulovi17-300x181.jpg 300w\" sizes=\"auto, (max-width: 450px) 100vw, 450px\" \/><\/p>\n<p style=\"text-align: center;\"><em>Obr.17 Z\u00e1b\u011bry ze seri\u00e1lu &#8222;Dracula&#8220; z roku 2013. Princ Charles (foto vlevo) prohl\u00e1sil, \u017ee je genetick\u00fd p\u0159\u00edbuzn\u00fd s Vladem III.<\/em><\/p>\n<p>Takov\u00fd byl Vlad III. Krut\u00fd tyran, kter\u00fd v\u011bd\u011bl, jak dr\u017eet poddan\u00e9 ve strachu. Ale tak\u00e9 neohro\u017een\u00fd bojovn\u00edk, chr\u00e1n\u00edc\u00ed nejen rodnou zemi, ale tak\u00e9 k\u0159es\u0165anskou v\u00edru. Osobnost rozporupln\u00e1, kontroverzn\u00ed.<\/p>\n<p>Ale v ka\u017ed\u00e9m p\u0159\u00edpad\u011b \u2013 p\u0159i hodnocen\u00ed Draculy nelze zapomenout na dobu, ve kter\u00e9 vl\u00e1dl. Byla to hrozn\u00e1, krut\u00e1 doba. Je tak\u00e9 mo\u017en\u00e9, \u017ee p\u0159evl\u00e1daj\u00edc\u00ed obraz vala\u0161sk\u00e9ho kn\u00ed\u017eete je jeden z nejv\u00fdrazn\u011bj\u0161\u00edch p\u0159\u00edklad\u016f &#8222;o\u010der\u0148ovac\u00ed PR kampan\u011b&#8220; v historii. V legend\u00e1ch jsou jeho zl\u00e9 skutky mnohokr\u00e1te zveli\u010deny.<\/p>\n<p>Rozhodn\u011b to nen\u00ed d\u016fvodem pro prince, ale sl\u00e1va nejv\u00edce krvela\u010dn\u00e9 mu\u017e v historii, nezaslou\u017eil. A ur\u010dit\u011b bychom nem\u011bli d\u00e1t skute\u010dn\u00fd Dracula n\u011bco magick\u00e9ho &#8211; hluboce v\u011b\u0159\u00edc\u00ed, okultismus Choval se naprosto negativn\u00ed.<\/p>\n<p>A jeho obraz byl dokreslen v rom\u00e1nu <em>Brama Stokera<\/em>, coby nesmrteln\u00e9ho up\u00edra &#8230; Tento &#8222;Dracula&#8220;, na rozd\u00edl od skute\u010dn\u00e9ho, je opravdu nesmrteln\u00fd.<\/p>\n<p><strong><em>Odkazy<\/em><\/strong><\/p>\n<p><em>(1) <a href=\"http:\/\/sk.wikipedia.org\/wiki\/Basarab_III.\" target=\"_blank\" rel=\"noopener\">http:\/\/sk.wikipedia.org\/wiki\/Basarab_III.<\/a><\/em><\/p>\n","protected":false},"excerpt":{"rendered":"<p>Jak\u00fd byl vlastn\u011b prototyp krve\u017e\u00edzniv\u00e9ho up\u00edra \u2013 kn\u00ed\u017ee Vlad Tepes?<\/p>\n","protected":false},"author":1,"featured_media":762,"comment_status":"closed","ping_status":"open","sticky":false,"template":"","format":"standard","meta":{"footnotes":""},"categories":[9,19],"tags":[41,24,67],"class_list":["post-3140","post","type-post","status-publish","format-standard","has-post-thumbnail","hentry","category-historie","category-zahady","tag-archeologie","tag-evropa","tag-osobnosti"],"_links":{"self":[{"href":"https:\/\/www.zahadyazajimavosti.cz\/index.php\/wp-json\/wp\/v2\/posts\/3140","targetHints":{"allow":["GET"]}}],"collection":[{"href":"https:\/\/www.zahadyazajimavosti.cz\/index.php\/wp-json\/wp\/v2\/posts"}],"about":[{"href":"https:\/\/www.zahadyazajimavosti.cz\/index.php\/wp-json\/wp\/v2\/types\/post"}],"author":[{"embeddable":true,"href":"https:\/\/www.zahadyazajimavosti.cz\/index.php\/wp-json\/wp\/v2\/users\/1"}],"replies":[{"embeddable":true,"href":"https:\/\/www.zahadyazajimavosti.cz\/index.php\/wp-json\/wp\/v2\/comments?post=3140"}],"version-history":[{"count":1,"href":"https:\/\/www.zahadyazajimavosti.cz\/index.php\/wp-json\/wp\/v2\/posts\/3140\/revisions"}],"predecessor-version":[{"id":3141,"href":"https:\/\/www.zahadyazajimavosti.cz\/index.php\/wp-json\/wp\/v2\/posts\/3140\/revisions\/3141"}],"wp:featuredmedia":[{"embeddable":true,"href":"https:\/\/www.zahadyazajimavosti.cz\/index.php\/wp-json\/wp\/v2\/media\/762"}],"wp:attachment":[{"href":"https:\/\/www.zahadyazajimavosti.cz\/index.php\/wp-json\/wp\/v2\/media?parent=3140"}],"wp:term":[{"taxonomy":"category","embeddable":true,"href":"https:\/\/www.zahadyazajimavosti.cz\/index.php\/wp-json\/wp\/v2\/categories?post=3140"},{"taxonomy":"post_tag","embeddable":true,"href":"https:\/\/www.zahadyazajimavosti.cz\/index.php\/wp-json\/wp\/v2\/tags?post=3140"}],"curies":[{"name":"wp","href":"https:\/\/api.w.org\/{rel}","templated":true}]}}