{"id":2136,"date":"2024-01-28T00:18:33","date_gmt":"2024-01-27T23:18:33","guid":{"rendered":"https:\/\/www.zahadyazajimavosti.cz\/?p=2136"},"modified":"2024-03-08T01:25:24","modified_gmt":"2024-03-08T00:25:24","slug":"zena-ktera-polibila-hitlera","status":"publish","type":"post","link":"https:\/\/www.zahadyazajimavosti.cz\/index.php\/2024\/01\/28\/zena-ktera-polibila-hitlera\/","title":{"rendered":"\u017dena, kter\u00e1 pol\u00edbila Hitlera"},"content":{"rendered":"<p><strong>Byl to jeden z nejkuri\u00f3zn\u011bj\u0161\u00edch okam\u017eik\u016f, kter\u00e9 nacistick\u00fd F\u00fchrer za\u017eil na ve\u0159ejnosti.<\/strong><!--more--><br \/>\nKdy\u017e to ne\u010dekal, pan\u00ed <em>Carla Lee de Vries<\/em> ho p\u0159ekvapila p\u0159ed tis\u00edci lidmi. Jak tyran reagoval?<\/p>\n<p>V roce 1936, t\u0159i roky p\u0159ed za\u010d\u00e1tkem druh\u00e9 sv\u011btov\u00e9 v\u00e1lky, byla doba, kdy Adolf Hitler vyu\u017eil p\u0159\u00edhodn\u00e9 organizace olympijsk\u00fdch her k tomu, aby sv\u011btu p\u0159edstavil svou novou nacistickou \u0159\u00ed\u0161i v tom nejlep\u0161\u00edm sv\u011btle.<\/p>\n<p>Mezi 1. a 16. srpnem 1936 vlajka s h\u00e1kov\u00fdm k\u0159\u00ed\u017eem pokojn\u011b vl\u00e1la vedle olympijsk\u00e9ho ohn\u011b na impozantn\u00edm stadionu v Berl\u00edn\u011b, hlavn\u00edm m\u011bst\u011b nacistick\u00e9 T\u0159et\u00ed \u0159\u00ed\u0161e.<\/p>\n<p>F\u00fchrer v\u011b\u0159il, \u017ee je to pro n\u011bj dokonal\u00e1 p\u0159\u00edle\u017eitost, jak p\u0159ijmout tis\u00edce n\u00e1v\u0161t\u011bvn\u00edk\u016f z cel\u00e9ho sv\u011bta, a b\u00fdt otev\u0159en\u00fd jako nikdy p\u0159edt\u00edm.<\/p>\n<p>Nejvy\u0161\u0161\u00ed pohlav\u00e1\u0159i nacistick\u00e9ho re\u017eimu zm\u00edrnili svou zu\u0159ivou r\u00e9toriku p\u0159ekypuj\u00edc\u00ed nen\u00e1vist\u00ed, vykouzlili na sv\u00fdch tv\u00e1\u0159\u00edch neuv\u011b\u0159iteln\u00e9 \u00fasm\u011bvy, a postavili obrovsk\u00e9 a modern\u00ed sportovi\u0161t\u011b, kde se konaly sout\u011b\u017ee a p\u0159ekvapily po\u010detn\u00e9 zahrani\u010dn\u00ed delegace. Navzdory skute\u010dnosti, \u017ee nejv\u00fdrazn\u011bj\u0161\u00ed sportovci se z\u00fa\u010dastnili monument\u00e1ln\u00ed sportovn\u00ed ud\u00e1losti, byl to Hitler, kdo byl v centru sc\u00e9ny a upoutal pozornost cel\u00e9ho sv\u011btov\u00e9ho tisku.<\/p>\n<p>15. srpna 1936 byla v obrovsk\u00e9m davu, kter\u00fd se shrom\u00e1\u017edil na Olympijsk\u00e9m stadionu v Berl\u00edn\u011b, tak\u00e9 pan\u00ed <em>Carla Lee de Vries<\/em> a jej\u00ed man\u017eel <em>George,<\/em> excentrick\u00fd p\u00e1r mocn\u00fdch a bohat\u00fdch americk\u00fdch farm\u00e1\u0159\u016f z m\u011bsta Norwalk v Kalifornii, kte\u0159\u00ed si u\u017e\u00edvali p\u00e1r dn\u00ed dovolen\u00e9 v Evrop\u011b.<\/p>\n<p>\u017dena byla velmi v\u00fdjime\u010dn\u00e1, a podle legendy bylo jedn\u00edm z jej\u00edch obl\u00edben\u00fdch kon\u00ed\u010dk\u016f sbli\u017eov\u00e1n\u00ed se se slavn\u00fdmi osobnostmi, a z\u00edsk\u00e1v\u00e1n\u00ed nejm\u00e9n\u011b o\u010dek\u00e1van\u00fdch autogram\u016f. Toho dne pr\u00e1v\u011b skon\u010dil plaveck\u00fd z\u00e1vod mu\u017e\u016f na 1 500 metr\u016f voln\u00fdm stylem, a pan\u00ed Carla se zeptala str\u00e1\u017e\u00ed na hlavn\u00ed tribun\u011b, zda by byl <em>F\u00fchrer<\/em> tak laskav, a podepsal j\u00ed olympijskou vstupenku, a zanechal sv\u016fj podpis pro potomstvo. M\u011bla \u0161t\u011bst\u00ed a b\u011bhem dlouh\u00e9 p\u0159est\u00e1vky byla eskortov\u00e1na k l\u00f3\u017ei v\u016fdce nacistick\u00e9ho N\u011bmecka, kter\u00fd m\u011bl zvl\u00e1\u0161tn\u00ed, a ne tak obvykl\u00fd den dobr\u00e9 n\u00e1lady.<\/p>\n<p>V doprovodu d\u016fstojn\u00edka SS a t\u00e9m\u011b\u0159 pl\u00e1novan\u00e9 p\u0159\u00edtomnosti kameramana, kter\u00fd m\u011bl na starosti zvl\u00e1d\u00e1n\u00ed sportovn\u00ed ud\u00e1losti, dorazila p\u0159ed Hitlera, aby si splnila sv\u016fj sen. N\u011bmeck\u00fd tyran j\u00ed l\u00edstek podepsal, a laskav\u011b j\u00ed ho vr\u00e1til, ale <em>Carla Lee de Vries<\/em> m\u011bla jin\u00fd pl\u00e1n. Kdy\u017e to nikdo ne\u010dekal, vrhla se na <em>Hitlera<\/em> a pokusila se \u2013 ne jednou, ale dvakr\u00e1t \u2013 dikt\u00e1tora pol\u00edbit. Navzdory v\u0161em o\u010dek\u00e1v\u00e1n\u00edm p\u016fsobil <em>F\u00fchrer<\/em> ne\u010dekan\u00fdm dojmem, \u017ee si ten okam\u017eik u\u017e\u00edv\u00e1, i kdy\u017e se ho pak sna\u017eil zakr\u00fdt \u0161irok\u00fdm \u00fasm\u011bvem.<\/p>\n<p style=\"text-align: center;\"><img loading=\"lazy\" decoding=\"async\" class=\"alignnone wp-image-2137 size-full\" src=\"https:\/\/www.zahadyazajimavosti.cz\/wp-content\/uploads\/2024\/03\/zaz_Zena-ktera-polibbila-hitlera.jpg\" alt=\"\" width=\"450\" height=\"313\" srcset=\"https:\/\/www.zahadyazajimavosti.cz\/wp-content\/uploads\/2024\/03\/zaz_Zena-ktera-polibbila-hitlera.jpg 450w, https:\/\/www.zahadyazajimavosti.cz\/wp-content\/uploads\/2024\/03\/zaz_Zena-ktera-polibbila-hitlera-300x209.jpg 300w, https:\/\/www.zahadyazajimavosti.cz\/wp-content\/uploads\/2024\/03\/zaz_Zena-ktera-polibbila-hitlera-392x272.jpg 392w, https:\/\/www.zahadyazajimavosti.cz\/wp-content\/uploads\/2024\/03\/zaz_Zena-ktera-polibbila-hitlera-130x90.jpg 130w\" sizes=\"auto, (max-width: 450px) 100vw, 450px\" \/><\/p>\n<p style=\"text-align: center;\"><em>Obr. Adolf Hitler a Carla Lee de Vries na Olympijsk\u00e9m stadionu v Berl\u00edn\u011b. Foto: Bundesarchiv.<\/em><\/p>\n<p>Af\u00e9ra a polibku Hitlera trvala asi 10 sekund, a v\u0161e bylo nato\u010deno na dv\u011b kamery. Nacistick\u00e1 propaganda to ale cenzurovala, aby se N\u011bmci nedozv\u011bd\u011bla, co se stalo.<\/p>\n<p>Na konci kuri\u00f3zn\u00edho a nep\u0159\u00edjemn\u00e9ho dne bylo v \u0159\u00ed\u0161sk\u00e9m kancl\u00e9\u0159stv\u00ed ru\u0161no. Hitler se u\u017e neusm\u00edval. Rozzu\u0159en\u00fd na\u0159\u00eddil \u00faplnou a tot\u00e1ln\u00ed reorganizaci sv\u00e9ho bezpe\u010dnostn\u00edho apar\u00e1tu. N\u011bkte\u0159\u00ed d\u016fstojn\u00edci byli propu\u0161t\u011bni, jin\u00ed degradov\u00e1ni, zat\u00edmco nem\u00e1lo z nich tvrd\u00ed, \u017ee n\u011bkolik z nich bylo popraveno.<\/p>\n<p>Pozd\u011bji se kdosi zeptal <em>Carly Lee de Vries<\/em>, pro\u010d se odv\u00e1\u017eila ztrapnit nacistick\u00e9ho <em>F\u00fchrera,<\/em> a riskovat jeho integritu.<\/p>\n<p>\u0158ekla: <em>&#8222;Hitler se nakl\u00e1n\u011bl dop\u0159edu, usm\u00edval se a vypadal tak p\u0159\u00e1telsky, \u017ee jsem k n\u011bmu prost\u011b p\u0159i\u0161la a po\u017e\u00e1dala ho o autogram, kter\u00fd mi dal na l\u00edstek na plaveck\u00e9 zkou\u0161ky. Po\u0159\u00e1d se usm\u00edval a tak jsem ho pol\u00edbila. Nic takov\u00e9ho jsem nepl\u00e1novala. Objala jsem ho, proto\u017ee vypadal p\u0159\u00e1telsky. Nev\u00edm, pro\u010d jsem to ud\u011blala. Mysl\u00edm, \u017ee jsem jen impulzivn\u00ed \u017eena.&#8220;<\/em><\/p>\n<p><em>Carla Lee de Vries<\/em> zem\u0159ela v Los Angeles 3. \u010dervna 1985 ve v\u011bku 92 let. Do hrobu si vzala d\u016fv\u011brn\u00e9 a marn\u00e9 tajemstv\u00ed. Byla zamilovan\u00e1 do hr\u016fzostra\u0161n\u00e9ho a krve\u017e\u00edzniv\u00e9ho n\u011bmeck\u00e9ho F\u00fchrera?<\/p>\n<p>Je to n\u011bco, co se nikdy neodv\u00e1\u017eila prozradit.<\/p>\n<p><em>Podle: <a href=\"https:\/\/www.canal26.com\/\" target=\"_blank\" rel=\"noopener\">https:\/\/www.canal26.com\/<\/a><\/em><\/p>\n","protected":false},"excerpt":{"rendered":"<p>Byl to jeden z nejkuri\u00f3zn\u011bj\u0161\u00edch okam\u017eik\u016f, kter\u00e9 nacistick\u00fd F\u00fchrer za\u017eil na ve\u0159ejnosti.<\/p>\n","protected":false},"author":1,"featured_media":417,"comment_status":"closed","ping_status":"open","sticky":false,"template":"","format":"standard","meta":{"footnotes":""},"categories":[9],"tags":[24],"class_list":["post-2136","post","type-post","status-publish","format-standard","has-post-thumbnail","hentry","category-historie","tag-evropa"],"_links":{"self":[{"href":"https:\/\/www.zahadyazajimavosti.cz\/index.php\/wp-json\/wp\/v2\/posts\/2136","targetHints":{"allow":["GET"]}}],"collection":[{"href":"https:\/\/www.zahadyazajimavosti.cz\/index.php\/wp-json\/wp\/v2\/posts"}],"about":[{"href":"https:\/\/www.zahadyazajimavosti.cz\/index.php\/wp-json\/wp\/v2\/types\/post"}],"author":[{"embeddable":true,"href":"https:\/\/www.zahadyazajimavosti.cz\/index.php\/wp-json\/wp\/v2\/users\/1"}],"replies":[{"embeddable":true,"href":"https:\/\/www.zahadyazajimavosti.cz\/index.php\/wp-json\/wp\/v2\/comments?post=2136"}],"version-history":[{"count":1,"href":"https:\/\/www.zahadyazajimavosti.cz\/index.php\/wp-json\/wp\/v2\/posts\/2136\/revisions"}],"predecessor-version":[{"id":2138,"href":"https:\/\/www.zahadyazajimavosti.cz\/index.php\/wp-json\/wp\/v2\/posts\/2136\/revisions\/2138"}],"wp:featuredmedia":[{"embeddable":true,"href":"https:\/\/www.zahadyazajimavosti.cz\/index.php\/wp-json\/wp\/v2\/media\/417"}],"wp:attachment":[{"href":"https:\/\/www.zahadyazajimavosti.cz\/index.php\/wp-json\/wp\/v2\/media?parent=2136"}],"wp:term":[{"taxonomy":"category","embeddable":true,"href":"https:\/\/www.zahadyazajimavosti.cz\/index.php\/wp-json\/wp\/v2\/categories?post=2136"},{"taxonomy":"post_tag","embeddable":true,"href":"https:\/\/www.zahadyazajimavosti.cz\/index.php\/wp-json\/wp\/v2\/tags?post=2136"}],"curies":[{"name":"wp","href":"https:\/\/api.w.org\/{rel}","templated":true}]}}