{"id":2079,"date":"2024-01-21T00:37:12","date_gmt":"2024-01-20T23:37:12","guid":{"rendered":"https:\/\/www.zahadyazajimavosti.cz\/?p=2079"},"modified":"2024-02-27T21:43:38","modified_gmt":"2024-02-27T20:43:38","slug":"stare-letopisy-prinasi-radu-pozoruhodnych-zapisu-1","status":"publish","type":"post","link":"https:\/\/www.zahadyazajimavosti.cz\/index.php\/2024\/01\/21\/stare-letopisy-prinasi-radu-pozoruhodnych-zapisu-1\/","title":{"rendered":"Star\u00e9 letopisy p\u0159in\u00e1\u0161\u00ed \u0159adu pozoruhodn\u00fdch z\u00e1pis\u016f (1)"},"content":{"rendered":"<p><strong>Co bylo vlastn\u011b ono \u201eJi\u0159\u00edkovo vid\u011bn\u00ed\u201c ?<\/strong><!--more--><\/p>\n<ul>\n<li>Ji\u0159\u00edkovo vid\u011bn\u00ed, n\u011bkdy Ryt\u00ed\u0159e a Poustevn\u00edka uhersk\u00e9ho, jemu\u017e se Svat\u00fd Michal Arch-And\u011bl zjevil, rozli\u010dn\u00e9 v\u011bci, jako kr\u00e1sn\u00fd R\u00e1j, Peklo, O\u010distec, i ten vrtkav\u00fd ouzk\u00fd Most, uk\u00e1zal, a zase zdrav\u00e9ho sem na tento Sv\u011bt dovedl. Co\u017e jeden ka\u017ed\u00fd p\u0159e\u010dte l\u00e9peji vyrozum\u00ed &#8230; Svat\u00fd Michal vstoupil od Ji\u0159\u00edka na nebe i pros\u00ed se v\u0161emi Svat\u00fdmi &#8230; Na nebe podobn\u00ed a ti m\u011bli na sob\u011b Roucho b\u00edl\u00e9 jako Sn\u00edh. &#8230; (2. pol. 16. stol.) (1)<\/li>\n<li>Jist\u00e9 a prav\u00e9 vid\u011bn\u00ed na Nebi zp\u016fsobem t\u00edm, kdy\u017e P\u00e1n Kristus posledn\u00ed den Soudn\u00fd dr\u017eeti m\u00e1. Stalo se to vid\u011bn\u00ed na den Nav\u0161t\u00edven\u00ed Marie etc. [tj. 2. \u010dervence 1556] (Vyti\u0161t\u011bno ve Star\u00e9m M\u011bst\u011b Pra\u017esk\u00e9m s povolen\u00edm a rozkazem Osob od Jeho milosti Kr\u00e1lovsk\u00e9 k tomu z\u0159\u00edzen\u00fdch Jana Kantora. [1556] (2)<\/li>\n<li>Velmi divn\u00e1 i hrozn\u00e1 vid\u011bn\u00ed a z\u00e1zraky, kte\u0159\u00ed\u017e na Obloze Nebesk\u00e9 vid\u00edni jsou v Zemi Mareck\u00e9 L\u00e9ta r\u010d. LXII\u00b0 [=1562] v P\u00e1tek po Sv. \u0158eho\u0159i [=13. b\u0159ezna] a to trvalo v Noci od jeden\u00e1ct\u00e9 hodiny a\u017e do \u010dtvrt\u00e9 na p\u016fl Orloje po\u010d\u00edtaj\u00edc &#8230; [V Star\u00e9m M\u011bst\u011b Pra\u017esk\u00e9m] (U Ji\u0159\u00edka Melantrycha z Aventynu) [1562]. (3)<\/li>\n<li>Vid\u011bn\u00ed hrozn\u00e9 a divn\u00e9, kter\u00e9\u017e na nebi vid\u011bny byly v Pamberku a Lichtenfelsu atd. v Praze u Buriana Waldy [posledn\u00ed \u010dtvrt 16. stol.]. (4)<\/li>\n<\/ul>\n<p><strong>Origin\u00e1ln\u00ed z\u00e1pisy<\/strong><\/p>\n<p>(1)<\/p>\n<ul>\n<li>Gi\u0159jkowo [wid\u011bnj] n\u011bkdy Rytj\u0159e a Pau[stewnjka v]hersk\u00e9ho. Gemu\u017e se S. Michal A[rch-]Angel zgewil rozli\u010dn\u00e9 w\u011bcy gako kr\u00e1sn\u00fd R\u00e1g, Peklo, O\u010distec, y ten wrtkaw\u00fd auzk\u00fd Most, vk\u00e1zal, a zase zdraw\u00e9ho sem na tento Sw\u011bt dowedl. Co\u017e geden ka\u017ed\u00fd p\u0159e\u010dta l\u00e9pegi wyrozumj. &#8230;SWat\u00fd Michal [wstaupil od Gi\u0159ijka] na nebe y pros[yl se wssemi Swat\u00fd]mi &#8230; Na A4a: [b]\u011b podobnj a ti m\u011bli na sob\u011b Raucho bjl\u00e9 gako Snjh. &#8230;<\/li>\n<\/ul>\n<p>(2)<\/p>\n<ul>\n<li>Gistee a prawee widienij na Nebi z spuosobem tijm kdy\u017e P\u00e1n Kristus poslednij den Saudn\u00fd dr\u017eeti m\u00e1. Stalo se to wid\u011bnij na den Nawsstijwenij Marye Leetha etc Lvj. [=2. \u010dervence 1556] (Wytisst\u011bno w Star [m] M\u011bst\u011b Pra\u017esk\u00e9m s powolenijm a rozkaz [m] Osob od ge\u00b0 [=geho] milosti Kr\u00e1lovsk\u00e9 ktov [=ktomu] z\u0159jzen\u00fdch V Jana Kantora.) [1556.]<\/li>\n<\/ul>\n<p>(3)<\/p>\n<ul>\n<li>Welmi diwnaa y hrozn\u00e1 Widienij a Z\u00e1zracy kte\u0159ij\u017e na Obloze Nebesk\u00e9 widijni gsau w Zemi Mareck\u00e9 L\u00e9ta r\u010d. LXII\u00b0 [=1562] w P\u00e1tek po S: R\u017eeho\u0159i [=13. b\u0159ezna] a to trwalo w Nocy od geden\u00e1ct\u00e9 hodiny a\u017e do \u010dtvrt\u00e9 na p\u016fl Orloge po\u010d\u00edtagijc &#8230; [V Star\u00e9m M\u011bst\u011b Pra\u017esk\u00e9m] (U Gi\u0159ijka Melantrycha z Awentynu) [1562].<\/li>\n<\/ul>\n<p>(4)<\/p>\n<ul>\n<li>Wid\u011bn\u00ed hrozn\u00e9 a diwn\u00e9, kter\u00e9\u017e na nebi wid\u011bny byly w Pamberku a Lichtenfelsu atd. w Praze u Buriana Waldy [posl. \u010dtvrt 16. stol.].<\/li>\n<\/ul>\n<p><em>Zdroj: Knihopis Digital Database &#8211; <a href=\"http:\/\/felix.ics.cas.cz\/clavius\/\" target=\"_blank\" rel=\"noopener\">http:\/\/felix.ics.cas.cz\/clavius\/<\/a>\u00a0<\/em><\/p>\n","protected":false},"excerpt":{"rendered":"<p>Co bylo vlastn\u011b ono \u201eJi\u0159\u00edkovo vid\u011bn\u00ed\u201c ?<\/p>\n","protected":false},"author":1,"featured_media":422,"comment_status":"closed","ping_status":"open","sticky":false,"template":"","format":"standard","meta":{"footnotes":""},"categories":[9,19],"tags":[79,24],"class_list":["post-2079","post","type-post","status-publish","format-standard","has-post-thumbnail","hentry","category-historie","category-zahady","tag-cr","tag-evropa"],"_links":{"self":[{"href":"https:\/\/www.zahadyazajimavosti.cz\/index.php\/wp-json\/wp\/v2\/posts\/2079","targetHints":{"allow":["GET"]}}],"collection":[{"href":"https:\/\/www.zahadyazajimavosti.cz\/index.php\/wp-json\/wp\/v2\/posts"}],"about":[{"href":"https:\/\/www.zahadyazajimavosti.cz\/index.php\/wp-json\/wp\/v2\/types\/post"}],"author":[{"embeddable":true,"href":"https:\/\/www.zahadyazajimavosti.cz\/index.php\/wp-json\/wp\/v2\/users\/1"}],"replies":[{"embeddable":true,"href":"https:\/\/www.zahadyazajimavosti.cz\/index.php\/wp-json\/wp\/v2\/comments?post=2079"}],"version-history":[{"count":1,"href":"https:\/\/www.zahadyazajimavosti.cz\/index.php\/wp-json\/wp\/v2\/posts\/2079\/revisions"}],"predecessor-version":[{"id":2080,"href":"https:\/\/www.zahadyazajimavosti.cz\/index.php\/wp-json\/wp\/v2\/posts\/2079\/revisions\/2080"}],"wp:featuredmedia":[{"embeddable":true,"href":"https:\/\/www.zahadyazajimavosti.cz\/index.php\/wp-json\/wp\/v2\/media\/422"}],"wp:attachment":[{"href":"https:\/\/www.zahadyazajimavosti.cz\/index.php\/wp-json\/wp\/v2\/media?parent=2079"}],"wp:term":[{"taxonomy":"category","embeddable":true,"href":"https:\/\/www.zahadyazajimavosti.cz\/index.php\/wp-json\/wp\/v2\/categories?post=2079"},{"taxonomy":"post_tag","embeddable":true,"href":"https:\/\/www.zahadyazajimavosti.cz\/index.php\/wp-json\/wp\/v2\/tags?post=2079"}],"curies":[{"name":"wp","href":"https:\/\/api.w.org\/{rel}","templated":true}]}}