{"id":1689,"date":"2023-11-29T00:19:57","date_gmt":"2023-11-28T23:19:57","guid":{"rendered":"https:\/\/www.zahadyazajimavosti.cz\/?p=1689"},"modified":"2025-12-23T01:01:52","modified_gmt":"2025-12-23T00:01:52","slug":"co-se-udalo-v-roce-1947-v-usa","status":"publish","type":"post","link":"https:\/\/www.zahadyazajimavosti.cz\/index.php\/2023\/11\/29\/co-se-udalo-v-roce-1947-v-usa\/","title":{"rendered":"Co se ud\u00e1lo v roce 1947 v USA?"},"content":{"rendered":"<p><strong>V z\u00e1v\u011bti p\u0159\u00edm\u00fdch \u00fa\u010dastn\u00edk\u016f z\u00e1hadn\u00fdch roswellsk\u00fdch ud\u00e1lost\u00ed se objevily podivn\u00e9 informace<\/strong><!--more--><\/p>\n<p>Uplynulo 67 let od ud\u00e1losti, kter\u00e1 vedla ke vzniku Mezin\u00e1rodn\u00edmu dni ufologie. Tehdy se v americk\u00e9m m\u011bste\u010dku Roswell (New Mexico), stala nejproslulej\u0161\u00ed ud\u00e1lost v modern\u00ed historii &#8222;l\u00e9taj\u00edc\u00edch tal\u00ed\u0159\u016f&#8220;. Jeden z nich tam pr\u00fd havaroval.<\/p>\n<p><strong>Slib ml\u010den\u00ed<\/strong><\/p>\n<p>2. \u010dervence 1947 se na ran\u010di farm\u00e1\u0159e Mac Brazela ud\u00e1lo n\u011bco, co zaujalo vojensk\u00e9 org\u00e1ny.<\/p>\n<p>Obsadili tuto oblast, posb\u00edrali v\u0161e a odvezli to na m\u00edstn\u00ed leteck\u00e9 z\u00e1kladny.<\/p>\n<p>&#8222;Tajn\u00e1 operace&#8220; by mo\u017en\u00e1 upadla do zapomn\u011bn\u00ed. Kdyby poru\u010d\u00edk Walter Haut, kter\u00fd na leteck\u00e9 z\u00e1kladn\u011b v Roswellu odpov\u00eddal za styk s ve\u0159ejnost\u00ed, nevydal podivn\u00e9 tiskov\u00e9 prohl\u00e1\u0161en\u00ed.<\/p>\n<p>A u\u017e 8. \u010dervence 1947 vy\u0161el se senza\u010dn\u00edmi titulky \u201eVojensk\u00e9 letectvo uko\u0159istilo l\u00e9taj\u00edc\u00ed tal\u00ed\u0159 na ran\u010di bl\u00edzko Roswellu\u201c \u010dl\u00e1nek na prvn\u00ed stran\u011b m\u00edstn\u00edch novin Roswell Daily Record.<\/p>\n<p>Senza\u010dn\u00ed zpr\u00e1vu p\u0159evzaly dal\u0161\u00ed noviny a r\u00e1dio.<\/p>\n<p>Brzy v\u0161ak Walter Haut na p\u0159\u00edkaz sv\u00e9ho nad\u0159\u00edzen\u00e9ho, plukovn\u00edka Williama Blancharda, p\u0159ipravil dementi, ve kter\u00e9m velitel osm\u00e9 leteck\u00e9 arm\u00e1dy, gener\u00e1l Roger Remey ujistil ve\u0159ejnost, \u017ee ne\u0161lo o &#8222;l\u00e9taj\u00edc\u00ed tal\u00ed\u0159&#8220;, ale na ran\u010d spadl meteorologick\u00fd bal\u00f3n.<\/p>\n<p style=\"text-align: center;\"><img loading=\"lazy\" decoding=\"async\" class=\"alignnone size-full wp-image-1690\" src=\"https:\/\/www.zahadyazajimavosti.cz\/wp-content\/uploads\/2023\/12\/zaz_Co-se-udalo-v-roce-1947a.jpg\" alt=\"\" width=\"150\" height=\"248\" \/><\/p>\n<p style=\"text-align: center;\"><em>Obr. Poru\u010d\u00edk Walter Haut<\/em><\/p>\n<p>Ufologov\u00e9 samoz\u0159ejm\u011b vysv\u011btlen\u00ed nev\u011b\u0159ili. A nev\u011b\u0159\u00ed tomu dodnes. P\u0159edpokl\u00e1daj\u00ed, \u017ee gener\u00e1l v\u0161e pop\u0159el v r\u00e1mci vl\u00e1dn\u00edho utajen\u00ed, \u017ee sem dorazili host\u00e9 z vesm\u00edru.<\/p>\n<p>V dob\u011b 60. v\u00fdro\u010d\u00ed roswellsk\u00fdch ud\u00e1lost\u00ed dostali zast\u00e1nci mimozemsk\u00e9 n\u00e1v\u0161t\u011bvy notnou vzpruhu.<\/p>\n<p>Australsk\u00e1 tiskov\u00e1 agentura NEWS.COM.AU informovala o posledn\u00ed v\u016fli Waltera Hauta. Vypl\u00fdvalo z n\u00ed, \u017ee gener\u00e1l Roger Remey ve skute\u010dnosti lhal.<\/p>\n<p>Z textu z\u00e1v\u011bti vypl\u00fdv\u00e1, \u017ee v\u0161echna pop\u00edr\u00e1n\u00ed voj\u00e1k\u016f a prohl\u00e1\u0161en\u00ed o bal\u00f3nech (stejn\u011b jako o jin\u00fdch &#8222;pozemn\u00edch&#8220; za\u0159\u00edzen\u00edch, jako jsou v\u00fd\u0161kov\u00e9 bal\u00f3ny, kter\u00e9 byly ur\u010deny k monitorov\u00e1n\u00ed jadern\u00fdch exploz\u00ed v SSSR) byla jen z\u00e1st\u011brka.<\/p>\n<p style=\"text-align: center;\"><img loading=\"lazy\" decoding=\"async\" class=\"alignnone size-medium wp-image-1691\" src=\"https:\/\/www.zahadyazajimavosti.cz\/wp-content\/uploads\/2023\/12\/zaz_Co-se-udalo-v-roce-1947b-233x300.jpg\" alt=\"\" width=\"233\" height=\"300\" srcset=\"https:\/\/www.zahadyazajimavosti.cz\/wp-content\/uploads\/2023\/12\/zaz_Co-se-udalo-v-roce-1947b-233x300.jpg 233w, https:\/\/www.zahadyazajimavosti.cz\/wp-content\/uploads\/2023\/12\/zaz_Co-se-udalo-v-roce-1947b.jpg 635w\" sizes=\"auto, (max-width: 233px) 100vw, 233px\" \/><\/p>\n<p style=\"text-align: center;\"><em>Obr. Major Jesse Marcel ukazuje m\u00edsto skute\u010dn\u00fdch fragment\u016f &#8222;tal\u00ed\u0159e&#8220; \u010d\u00e1sti meteobal\u00f3nu<\/em><\/p>\n<p>Jak popsal b\u00fdval\u00fd poru\u010d\u00edk, vid\u011bl nejen &#8222;tal\u00ed\u0159&#8220; mimozem\u0161\u0165an\u016f, ale tak\u00e9 jejich t\u011bla. Nav\u00edc odhaluje Haut tajemstv\u00ed matouc\u00edho vysv\u011btlen\u00ed voj\u00e1k\u016f.<\/p>\n<p>Ve skute\u010dnosti, m\u00edstn\u00ed obyvatel\u00e9 se dozv\u011bd\u011bli pouze o jednom m\u00edst\u011b hav\u00e1rie UFO, o tom, kter\u00e9 na\u0161el m\u00edstn\u00ed farm\u00e1\u0159.<\/p>\n<p>Nicm\u00e9n\u011b, je i druh\u00e9 m\u00edsto, na kter\u00e9 arm\u00e1da necht\u011bla za ka\u017edou cenu upoutat pozornost.<\/p>\n<p style=\"text-align: center;\"><img loading=\"lazy\" decoding=\"async\" class=\"alignnone size-medium wp-image-1692\" src=\"https:\/\/www.zahadyazajimavosti.cz\/wp-content\/uploads\/2023\/12\/zaz_Co-se-udalo-v-roce-1947c-300x217.jpg\" alt=\"\" width=\"300\" height=\"217\" srcset=\"https:\/\/www.zahadyazajimavosti.cz\/wp-content\/uploads\/2023\/12\/zaz_Co-se-udalo-v-roce-1947c-300x217.jpg 300w, https:\/\/www.zahadyazajimavosti.cz\/wp-content\/uploads\/2023\/12\/zaz_Co-se-udalo-v-roce-1947c.jpg 635w\" sizes=\"auto, (max-width: 300px) 100vw, 300px\" \/><\/p>\n<p>N\u011bkolik m\u011bs\u00edc\u016f po incidentu provedla rozs\u00e1hl\u00e9 operace na vy\u010di\u0161t\u011bn\u00ed oblast\u00ed s c\u00edlem naj\u00edt v\u0161echny kusy UFO a zni\u010dit d\u016fkazy, \u017ee se v t\u00e9to oblasti ud\u00e1lo n\u011bco neobvykl\u00e9ho.<\/p>\n<p>Tyto \u00fadaje \u010d\u00e1ste\u010dn\u011b potvrzuj\u00ed st\u00ed\u017enosti m\u00edstn\u00edch obyvatel. Ti \u0159\u00edkali, \u017ee voj\u00e1ci si odn\u00e1\u0161eli i jejich \u00falomky, kter\u00e9 si lid\u00e9 nech\u00e1vali na pam\u00e1tku.<\/p>\n<p>Walter Haut zem\u0159el 15. prosince 2005, ve v\u011bku 83 let. Z\u00e1v\u011b\u0165 byla naps\u00e1na 26. prosince 2002 pod p\u0159\u00edsahou.<\/p>\n<p>Zde je text, na jeho\u017e konci ne naps\u00e1no, \u017ee Haut neobdr\u017eel \u017e\u00e1dn\u00e9 pen\u00edze ani cennosti, a v\u0161e, co je ps\u00e1no, je pravda:<\/p>\n<p>&#8222;V \u010dervenci 1947 jsem slou\u017eil na z\u00e1kladn\u011b letectva, kter\u00e1 se nach\u00e1z\u00ed ji\u017en\u011b od m\u011bsta Roswell, ve funkci d\u016fstojn\u00edka pro styk s ve\u0159ejnost\u00ed,\u201c p\u00ed\u0161e se v z\u00e1v\u011bti, not\u00e1\u0159sky ov\u011b\u0159en\u00e9 26.prosince 2002.<\/p>\n<p>\u201eStr\u00e1vil jsem v\u00edkend od p\u00e1tku 4. \u010dervence do ned\u011ble 6. \u010dervence, ve sv\u00e9m dom\u011b, asi 10 mil severn\u011b od z\u00e1kladny.<\/p>\n<p>R\u00e1no, 7. \u010dervence, kdy\u017e jsem se vr\u00e1til k slu\u017eebn\u00edm povinnostem, jsem zjistil, \u017ee n\u011bkdo ozn\u00e1mil p\u00e1d jak\u00e9hosi apar\u00e1tu.<\/p>\n<p>Major Jesse Marcel, n\u00e1\u010deln\u00edk rozv\u011bdky, byl posl\u00e1n k veliteli z\u00e1kladny plukovn\u00edkovi Williamu Blanchardovi, aby v\u011bc pro\u0161et\u0159il.<\/p>\n<p>Ve stejn\u00fd den, k ve\u010deru jsem se dozv\u011bd\u011bl, \u017ee existuj\u00ed i jin\u00e9 zpr\u00e1vy z civilist\u016f, o druh\u00e9m m\u00edst\u011b hav\u00e1rie, severn\u011b od Roswellu.<\/p>\n<p>Str\u00e1vil jsem v\u011bt\u0161inu dne vykon\u00e1v\u00e1n\u00edm obvykl\u00fdch povinnost\u00ed, a skoro nic jin\u00e9ho o tom jsem nesly\u0161el.<\/p>\n<p style=\"text-align: center;\"><img loading=\"lazy\" decoding=\"async\" class=\"alignnone size-medium wp-image-1693\" src=\"https:\/\/www.zahadyazajimavosti.cz\/wp-content\/uploads\/2023\/12\/zaz_Co-se-udalo-v-roce-1947d-300x191.jpg\" alt=\"\" width=\"300\" height=\"191\" srcset=\"https:\/\/www.zahadyazajimavosti.cz\/wp-content\/uploads\/2023\/12\/zaz_Co-se-udalo-v-roce-1947d-300x191.jpg 300w, https:\/\/www.zahadyazajimavosti.cz\/wp-content\/uploads\/2023\/12\/zaz_Co-se-udalo-v-roce-1947d.jpg 635w\" sizes=\"auto, (max-width: 300px) 100vw, 300px\" \/><\/p>\n<p style=\"text-align: center;\"><em>Obr. Tak si nad\u0161enci p\u0159edstavuj\u00ed m\u00edsto hav\u00e1rie.<\/em><\/p>\n<p>V \u00fater\u00fd 8. \u010dervence r\u00e1no jsem se z\u00fa\u010dastnil tradi\u010dn\u00edho pl\u00e1novac\u00edho setk\u00e1n\u00ed v 7.30 h.<\/p>\n<p>Krom\u011b Blancharda a Marcela p\u0159i\u0161el d\u016fstojn\u00edk kontrarozv\u011bdky kapit\u00e1n Sheridan Kevitt, a d\u00e1le tak\u00e9 ze z\u00e1kladny Carswell Air Force ve Fort Worth v Texasu, p\u0159izvan\u00fd k \u00fa\u010dasti Blanchardov\u00fdm nad\u0159\u00edzen\u00fdm, brig\u00e1dn\u00edm gener\u00e1lem Rogerem Remey a jeho n\u00e1\u010deln\u00edkem \u0161t\u00e1bu plukovn\u00edkem Thomasem Duboa.<\/p>\n<p>Hlavn\u00edm t\u00e9matem jedn\u00e1n\u00ed byla zpr\u00e1va Marcela a Kevitta o rozs\u00e1hl\u00e9 oblasti pokryt\u00e9 troskami 140 kilometr\u016f severoz\u00e1padn\u011b od Roswellu.<\/p>\n<p>Blanchard kr\u00e1tce pohovo\u0159il i o druh\u00e9m m\u00edst\u011b hav\u00e1rie asi 75 kilometr\u016f severn\u011b od m\u011bsta.<\/p>\n<p>Na stole le\u017eely \u00falomky z m\u00edsta hav\u00e1rie. Materi\u00e1l nebyl podobn\u00fd \u017e\u00e1dn\u00e9mu materi\u00e1lu, kter\u00fd jsem kdy vid\u011bl nebo dr\u017eel v ruce.<\/p>\n<p>Kousky, p\u0159ipom\u00ednaly kovovou f\u00f3lii, byly tenk\u00e9, ale velmi hou\u017eevnat\u00e9, a s neobvykl\u00fdmi zna\u010dkami na bo\u010dn\u00ed hran\u011b, a \u0161ly z ruky do ruky.<\/p>\n<p>Ka\u017ed\u00fd vyslovil sv\u016fj n\u00e1zor, ale nikdo nebyl schopen trosky identifikovat.<\/p>\n<p>Jedn\u00edm z hlavn\u00edch t\u00e9mat, projedn\u00e1van\u00fdch na pl\u00e1novac\u00edm setk\u00e1n\u00ed, byla ot\u00e1zka, zda bychom o tom m\u011bli informovat ve\u0159ejnost nebo ne.<\/p>\n<p>Gener\u00e1l Remey navrhl pl\u00e1n, kter\u00fd, jak v\u011b\u0159\u00edm, byl vytvo\u0159en jeho nad\u0159\u00edzen\u00fdmi v Pentagonu. Bylo t\u0159eba odvr\u00e1tit pozornost od ud\u00e1lost\u00ed severn\u011b od m\u011bsta p\u0159ipomenut\u00edm druh\u00e9ho m\u00edsta. P\u0159\u00edli\u0161 mnoho civilist\u016f bylo ji\u017e zapojeno do incidentu, a dozv\u011bd\u011bl se o v\u0161em i tisk. Ne\u0159ekli mi podrobnosti, jak p\u0159esn\u011b to je t\u0159eba vyplnit.<\/p>\n<p>Asi v 9:30 r\u00e1no, plukovn\u00edk Blanchard m\u011b zavolal do kancel\u00e1\u0159e a nadiktoval tiskovou zpr\u00e1vu o tom, \u017ee v na\u0161ich rukou je l\u00e9taj\u00edc\u00ed disk, kter\u00fd byl vyzvednut na ran\u010di severov\u00fdchodn\u011b od Roswellu a \u017ee Marcel odvezl vyzvednut\u00fd materi\u00e1l na vy\u0161\u0161\u00ed velitelstv\u00ed.<\/p>\n<p>P\u0159edal jsem tiskovou zpr\u00e1vu rozhlasov\u00fdch stanic\u00edm KGFL a KSWS, novin\u00e1m Roswell Daily Record a Roswell Morning Dispatch.<\/p>\n<p>Kdy\u017e tiskov\u00e1 zpr\u00e1va dorazila do tiskov\u00fdch agentur, v m\u00e9 kancel\u00e1\u0159i neumlkl telefon.<\/p>\n<p><strong>Volali z cel\u00e9ho sv\u011bta&#8230;<\/strong><\/p>\n<p>Blanchard navrhl, abych se vyhnul tisku, a \u0161el se \u201eukr\u00fdt\u201c dom\u016f.<\/p>\n<p>Ne\u017e jsem opustil z\u00e1kladnu, plukovn\u00edk Blanchard m\u011b osobn\u011b pozbval do budovy \u2116 84 (hang\u00e1r P-3) &#8230; U\u017e na cest\u011b jsem vid\u011bl, \u017ee byl dob\u0159e st\u0159e\u017een zvenku i zevnit\u0159.<\/p>\n<p>Uvnit\u0159 jsem m\u011bl mo\u017enost sledovat z bezpe\u010dn\u00e9 vzd\u00e1lenosti objekt, vyzvednut\u00fd severn\u011b od m\u011bsta.<\/p>\n<p>Byl asi 3,5 &#8211; 4,5 metru dlouh\u00fd, ne p\u0159\u00edli\u0161 \u0161irok\u00fd, asi 1,8 m vysok\u00fd a m\u011bl v\u00edce \u010di m\u00e9n\u011b vej\u010dit\u00fd tvar. Osv\u011btlen\u00ed bylo \u0161patn\u00e9, ale zd\u00e1lo se, \u017ee m\u00e1 kovov\u00fd povrch. Nevid\u011bl jsem \u017e\u00e1dn\u00e1 okna, pr\u016fzory, k\u0159\u00eddla, ocas ani podvozek.<\/p>\n<p style=\"text-align: center;\"><img loading=\"lazy\" decoding=\"async\" class=\"alignnone size-medium wp-image-1694\" src=\"https:\/\/www.zahadyazajimavosti.cz\/wp-content\/uploads\/2023\/12\/zaz_Co-se-udalo-v-roce-1947e-300x238.jpg\" alt=\"\" width=\"300\" height=\"238\" srcset=\"https:\/\/www.zahadyazajimavosti.cz\/wp-content\/uploads\/2023\/12\/zaz_Co-se-udalo-v-roce-1947e-300x238.jpg 300w, https:\/\/www.zahadyazajimavosti.cz\/wp-content\/uploads\/2023\/12\/zaz_Co-se-udalo-v-roce-1947e.jpg 635w\" sizes=\"auto, (max-width: 300px) 100vw, 300px\" \/><\/p>\n<p style=\"text-align: center;\"><em>Obr. Tento fragment byl \u00fadajn\u011b nalezen na m\u00edst\u011b hav\u00e1rie u Roswellu<\/em><\/p>\n<p style=\"text-align: center;\"><img loading=\"lazy\" decoding=\"async\" class=\"alignnone size-medium wp-image-1695\" src=\"https:\/\/www.zahadyazajimavosti.cz\/wp-content\/uploads\/2023\/12\/zaz_Co-se-udalo-v-roce-1947f-300x189.jpg\" alt=\"\" width=\"300\" height=\"189\" srcset=\"https:\/\/www.zahadyazajimavosti.cz\/wp-content\/uploads\/2023\/12\/zaz_Co-se-udalo-v-roce-1947f-300x189.jpg 300w, https:\/\/www.zahadyazajimavosti.cz\/wp-content\/uploads\/2023\/12\/zaz_Co-se-udalo-v-roce-1947f.jpg 635w\" sizes=\"auto, (max-width: 300px) 100vw, 300px\" \/><\/p>\n<p style=\"text-align: center;\"><em>Obr. Dal\u0161\u00ed detail, \u00fadajn\u011b nalezen\u00fd na m\u00edst\u011b nehody &#8211; druh d\u00e1lkov\u00e9ho ovl\u00e1d\u00e1n\u00ed<\/em><\/p>\n<p>Tak\u00e9 z d\u00e1lky jsem vid\u011bl n\u011bkolik mrtv\u00fdch t\u011bl pod plachtou. Tr\u010dily pod nimi jen hlavy, a nemohl jsem rozeznat rysy jejich obli\u010dej\u016f. Hlavy byly v\u011bt\u0161\u00ed, ne\u017e u pr\u016fm\u011brn\u00e9ho \u010dlov\u011bka, a obrysy t\u011bl pod plachtou \u2013 odpov\u00eddaly velikosti 10 let\u00e9ho d\u00edt\u011bte.<\/p>\n<p>Pozd\u011bji Blanchard ve sv\u00e9 kancel\u00e1\u0159i zvedl ruku asi 1,2 m nad podlahou, aby uk\u00e1zal jejich vzr\u016fst.<\/p>\n<p>Bylo mi \u0159e\u010deno, \u017ee pro ulo\u017een\u00ed t\u011bl vytvo\u0159ili do\u010dasnou m\u00e1rnici, a \u017ee \u00falomky nebyly &#8222;hork\u00e9&#8220; (tj. radioaktivn\u00ed).<\/p>\n<p>Po n\u00e1vratu z Fort Worth, mi major Marcel \u0159ekl, \u017ee p\u0159inesl trosky do kancel\u00e1\u0159e gener\u00e1la Remeye, a kdy\u017e se odtamtud vr\u00e1til do \u0161t\u00e1bn\u00ed m\u00edstnosti, zjistil, \u017ee \u00falomky byly nahrazeny kousky meteobal\u00f3nu a radarov\u00fdmi odra\u017ee\u010di.<\/p>\n<p>Marcel byl velmi smutn\u00fd z toho, co se stalo, a v\u00edce jsme o tom nediskutovali.<\/p>\n<p>Na\u0159\u00eddili mi nav\u0161t\u00edvit m\u00edsto nehody b\u011bhem vojensk\u00fdch operac\u00ed. Vr\u00e1til jsem se na z\u00e1kladnu s \u00falomky, kter\u00e9 jsem s\u00e1m posb\u00edral.<\/p>\n<p>B\u011bhem m\u011bs\u00edce p\u0159i\u0161ly na m\u00edsto je\u0161t\u011b dv\u011b skupiny a pro\u010des\u00e1vali ter\u00e9n.<\/p>\n<p>Prohla\u0161uji, \u017ee jsem osobn\u011b vid\u011bl l\u00e9taj\u00edc\u00ed stroj a jeho mimozemskou pos\u00e1dku.\u201c<\/p>\n<p style=\"text-align: center;\"><img loading=\"lazy\" decoding=\"async\" class=\"alignnone size-medium wp-image-1696\" src=\"https:\/\/www.zahadyazajimavosti.cz\/wp-content\/uploads\/2023\/12\/zaz_Co-se-udalo-v-roce-1947g-300x240.jpg\" alt=\"\" width=\"300\" height=\"240\" srcset=\"https:\/\/www.zahadyazajimavosti.cz\/wp-content\/uploads\/2023\/12\/zaz_Co-se-udalo-v-roce-1947g-300x240.jpg 300w, https:\/\/www.zahadyazajimavosti.cz\/wp-content\/uploads\/2023\/12\/zaz_Co-se-udalo-v-roce-1947g.jpg 635w\" sizes=\"auto, (max-width: 300px) 100vw, 300px\" \/><\/p>\n<p style=\"text-align: center;\"><em>Obr. Tak by mohli vypadat mimozem\u0161\u0165an\u00e9 (z\u00e1b\u011br z podvr\u017een\u00e9ho dokument\u00e1rn\u00edho filmu o pitv\u011b mimozem\u0161\u0165ana, kter\u00e1 se \u00fadajn\u011b konala v roce 1947. \u201ePitvu mimozem\u0161\u0165ana\u201c, vytvo\u0159en\u00e9ho z plastu a ov\u010d\u00edch tk\u00e1n\u00ed, zinscenoval britsk\u00fd v\u00fdtvarn\u00edk John Humpreys)<\/em><\/p>\n<p>B\u011bhem sv\u00e9ho \u017eivota Walter Haut d\u00e1val rozhovory, ale v\u017edy pop\u00edral, \u017ee by vid\u011bl n\u011bjak\u00fd vrak a je\u0161t\u011b k tomu n\u011bjak\u00e1 ciz\u00ed t\u011bla. Mo\u017en\u00e1 se b\u00e1l posm\u011bchu. Tak\u00e9 ur\u010dit\u011b b\u011bhem sv\u00e9ho \u017eivota podepsal n\u011bjak\u00e9 dokumenty t\u00fdkaj\u00edc\u00ed se uchov\u00e1n\u00ed tajemstv\u00ed.<\/p>\n<p>Ale v roce 1993 podepsal &#8230; je\u0161t\u011b jedno \u010destn\u00e9 prohl\u00e1\u0161en\u00ed.<\/p>\n<p>V prvn\u00ed verzi &#8222;dozn\u00e1n\u00ed&#8220; o mimozem\u0161\u0165anech uvedl pouze jeden odstavec:<\/p>\n<p>&#8222;V roce 1980 mi Jesse Marcel \u0159ekl, \u017ee materi\u00e1l, nato\u010den\u00fd v kancel\u00e1\u0159i gener\u00e1la Remey nebyl t\u00edm materi\u00e1lem, kter\u00fd jsem posb\u00edral. Jsem p\u0159esv\u011bd\u010den, \u017ee materi\u00e1l byl kdysi kosmickou lod\u00ed.&#8220;<\/p>\n<p><strong>T\u0159i t\u011bla<\/strong><\/p>\n<p>Lhal poru\u010d\u00edk, kter\u00e9mu bylo v dob\u011b z\u00e1v\u011bti u\u017e 80 let? Nebo z n\u011bjak\u00e9ho sobeck\u00e9ho d\u016fvodu &#8222;podvrhl&#8220;, n\u011bkdo p\u0159ipraven\u00fd fantastick\u00fd text?<\/p>\n<p>Nebo je pravda tak fantastick\u00e1?<\/p>\n<p>Op\u011bt m\u016f\u017eeme jen h\u00e1dat.<\/p>\n<p>\u00da\u0159ady na to nijak nereagovaly.<\/p>\n<p>Podivn\u00e9 je jen jedno: ve v\u0161ech dostupn\u00fdch kopi\u00ed jeho posledn\u00edho v\u016fle je jm\u00e9no sv\u011bdka, potvrzuj\u00edc\u00edho podpis Houta, z n\u011bjak\u00e9ho d\u016fvodu za\u010dern\u011bno.<\/p>\n<p>Ale podpis samotn\u00e9ho Houta, je potvrzen sv\u011bdectv\u00edm jist\u00e9ho Glenna Dennnise &#8211; zam\u011bstnancem poh\u0159ebn\u00edho \u00fastavu v Roswellu, a je datovan\u00fd 9. \u010dervence 1991.<\/p>\n<p>Glenn, kter\u00e9mu bylo v roce 1947 22 let, vypr\u00e1v\u011bl o \u017e\u00e1dosti, kterou obdr\u017eel v \u010dervenci 1947 ze z\u00e1kladny &#8211; p\u0159ipravit n\u011bkolik zinkov\u00fdch rakv\u00ed pro mal\u00e1 t\u011bla a balzamovac\u00ed slou\u010deniny.<\/p>\n<p>Arm\u00e1da nakonec slu\u017eby civiln\u00edho zam\u011bstnance odm\u00edtla. Glenn byl sice pozv\u00e1n na z\u00e1kladnu, ale samotn\u00e1 t\u011bla, kter\u00e1 m\u011bl balzamovat, nevid\u011bl.<\/p>\n<p>M\u011bl v\u0161ak mo\u017enost vid\u011bt jak\u00e9si kusy kovu se stopami vysok\u00e9 teploty a podivn\u00fdmi n\u00e1pisy, se znaky, p\u0159ipom\u00ednaj\u00edc\u00edmi egyptsk\u00e9 hieroglyfy.<\/p>\n<p>Dal\u0161\u00ed podrobnosti se Glenn dozv\u011bd\u011bl od zn\u00e1m\u00e9 zdravotn\u00ed sestry, se kterou se setkal na z\u00e1kladn\u011b.<\/p>\n<p>Zdravotn\u00ed sestra p\u0159edala skicy t\u011bl, a \u0159\u00edkala, \u017ee t\u011bla hrozn\u011b p\u00e1chnou.<\/p>\n<p style=\"text-align: center;\"><img loading=\"lazy\" decoding=\"async\" class=\"alignnone size-full wp-image-1697\" src=\"https:\/\/www.zahadyazajimavosti.cz\/wp-content\/uploads\/2023\/12\/zaz_Co-se-udalo-v-roce-1947h.jpg\" alt=\"\" width=\"200\" height=\"246\" \/><\/p>\n<p style=\"text-align: center;\"><em>Obr. Kresba, kterou Glennovi p\u0159edala zdravotn\u00ed sestra, kter\u00e1 se pod\u00edlela na pr\u016fzkumu t\u011bl.<\/em><\/p>\n<p>Celkem pr\u00fd zde byly t\u0159i t\u011bla. Dv\u011b t\u011b\u017ece po\u0161kozen\u00e9, jedno \u2013 t\u00e9m\u011b\u0159 v po\u0159\u00e1dku.<\/p>\n<p>Velikost &#8211; jen n\u011bco m\u00e1lo p\u0159es metr. Hlavy &#8211; ne\u00fam\u011brn\u011b velk\u00e9. \u00dasta &#8211; \u00fazk\u00e9 \u0161t\u011brbiny. M\u00edsto zub\u016f \u2013 jak\u00e9si docela masivn\u00ed plo\u0161ky. U\u0161i \u2013 jen otvory. K\u016f\u017ee \u2013 \u010dern\u00e1, vlasy \u2013 \u017e\u00e1dn\u00e9. V rukou po \u010dty\u0159ech prstech. Prsty s p\u0159\u00edsavkami na pol\u0161t\u00e1\u0159k\u00e1ch. Jak sd\u011blila ona zdravotn\u00ed sestra, pr\u00e1v\u011b ona pom\u00e1hala p\u0159i pitv\u011b jednoho z t\u011bl.<br \/>\nGlenn ode\u0161el ze z\u00e1kladny, ale tuto podivn\u011b sd\u00edlnou zdravotn\u00ed sestru u\u017e nikdy v\u00edc nevid\u011bl.<\/p>\n<p>Podle zpr\u00e1v, kter\u00e9 se k n\u011bmu dostaly, ona a je\u0161t\u011b p\u011bt dal\u0161\u00edch sester ze z\u00e1kladny zahynuly p\u0159i leteck\u00e9 katastrof\u011b.<\/p>\n<p><img loading=\"lazy\" decoding=\"async\" class=\"aligncenter wp-image-1698\" src=\"https:\/\/www.zahadyazajimavosti.cz\/wp-content\/uploads\/2023\/12\/zaz_Co-se-udalo-v-roce-1947i-300x218.jpg\" alt=\"\" width=\"450\" height=\"327\" srcset=\"https:\/\/www.zahadyazajimavosti.cz\/wp-content\/uploads\/2023\/12\/zaz_Co-se-udalo-v-roce-1947i-300x218.jpg 300w, https:\/\/www.zahadyazajimavosti.cz\/wp-content\/uploads\/2023\/12\/zaz_Co-se-udalo-v-roce-1947i.jpg 635w\" sizes=\"auto, (max-width: 450px) 100vw, 450px\" \/><\/p>\n<p style=\"text-align: center;\"><em>Obr. \u00a0Z\u00e1v\u011b\u0165, podepsan\u00e1 Walterem Hautem<\/em><\/p>\n<p>Dal\u0161\u00edm argument ve prosp\u011bch hav\u00e1rie mimozem\u0161\u0165an\u016f<\/p>\n<p><strong>Byl i &#8222;disk&#8220; i jeho &#8222;pos\u00e1dka&#8220;<\/strong><\/p>\n<p>Je zn\u00e1m\u00fdm faktem, \u017ee 8. \u010dervence 1947, asi hodinu pot\u00e9, co v rozhlase odezn\u011bla zpr\u00e1va o nalezu l\u00e9taj\u00edc\u00edho disku, je\u017e havaroval na ran\u010di bl\u00edzko Roswellu, vy\u0161la tiskov\u00e1 zpr\u00e1va, sestaven\u00e1 poru\u010d\u00edkem Walterem Hautem, ve kter\u00e9 to bylo pop\u0159eno.<\/p>\n<p>S n\u00ed vystoupil velitel 8. leteck\u00e9 arm\u00e1dy brig\u00e1dn\u00ed gener\u00e1l Roger Remey, kter\u00fd prohl\u00e1sil, \u017ee ve skute\u010dnosti byly nalezeny fragmenty meteobal\u00f3nu.<\/p>\n<p>Brzy uspo\u0159\u00e1dal gener\u00e1l tiskovou konferenci: uk\u00e1zal n\u011bjak\u00e9 st\u0159\u00edbrn\u00e9 f\u00f3lie a povolil je fotografovat.<\/p>\n<p>Unik\u00e1tn\u00ed sn\u00edmky z roku 1947 se zachovaly.<\/p>\n<p>Na jednom z nich je zachycen gener\u00e1l Remey (vlevo) se sv\u00fdm n\u00e1\u010deln\u00edkem \u0161t\u00e1bu plukovn\u00edkem Thomasem Dubouz (sed\u00ed na \u017eidli vpravo).<\/p>\n<p>Pozornost nad\u0161enc\u016f upoutal kus pap\u00edru, kter\u00fd dr\u017e\u00ed gener\u00e1l v lev\u00e9 ruce.<\/p>\n<p>Je to neuv\u011b\u0159iteln\u00e9, ale v roce 2001 po\u010d\u00edta\u010dov\u00ed odborn\u00edci a kryptologov\u00e9 pod veden\u00edm Davida Rudyaka, zv\u011bt\u0161ili list, a byli schopni p\u0159e\u010d\u00edst to, co je na n\u011bm naps\u00e1no.<\/p>\n<p style=\"text-align: center;\"><img loading=\"lazy\" decoding=\"async\" class=\"alignnone size-medium wp-image-1699\" src=\"https:\/\/www.zahadyazajimavosti.cz\/wp-content\/uploads\/2023\/12\/zaz_Co-se-udalo-v-roce-1947j-263x300.jpg\" alt=\"\" width=\"263\" height=\"300\" srcset=\"https:\/\/www.zahadyazajimavosti.cz\/wp-content\/uploads\/2023\/12\/zaz_Co-se-udalo-v-roce-1947j-263x300.jpg 263w, https:\/\/www.zahadyazajimavosti.cz\/wp-content\/uploads\/2023\/12\/zaz_Co-se-udalo-v-roce-1947j.jpg 635w\" sizes=\"auto, (max-width: 263px) 100vw, 263px\" \/><\/p>\n<p style=\"text-align: center;\"><em>Obr. Gene\u00e1l Remey (vlevo) a jeho n\u00e1\u010deln\u00edk \u0161t\u00e1bu plukovn\u00edk Thomas Duboa s \u00falomky bal\u00f3nu.<\/em><\/p>\n<p>V ruce gener\u00e1la je telegram.<\/p>\n<p>Gener\u00e1l pr\u00fd dr\u017e\u00ed text tajn\u00e9ho telegramu, odeslan\u00e9ho do Pentagonu 8.7.1947 v 17 hodin 13 minut, konkr\u00e9tn\u011b gener\u00e1lu Hoyt Vandenbergovi, v tu dobu veliteli \u0161t\u00e1bu americk\u00e9ho letectva.<\/p>\n<p style=\"text-align: center;\"><img loading=\"lazy\" decoding=\"async\" class=\"alignnone size-medium wp-image-1700\" src=\"https:\/\/www.zahadyazajimavosti.cz\/wp-content\/uploads\/2023\/12\/zaz_Co-se-udalo-v-roce-1947k-300x96.jpg\" alt=\"\" width=\"300\" height=\"96\" srcset=\"https:\/\/www.zahadyazajimavosti.cz\/wp-content\/uploads\/2023\/12\/zaz_Co-se-udalo-v-roce-1947k-300x96.jpg 300w, https:\/\/www.zahadyazajimavosti.cz\/wp-content\/uploads\/2023\/12\/zaz_Co-se-udalo-v-roce-1947k.jpg 635w\" sizes=\"auto, (max-width: 300px) 100vw, 300px\" \/><\/p>\n<p style=\"text-align: center;\"><em>Obr. Telegram v ruce gener\u00e1la zaujal badatele. Rozhodli se jej p\u0159e\u010d\u00edst<\/em><\/p>\n<p style=\"text-align: center;\"><img loading=\"lazy\" decoding=\"async\" class=\"alignnone size-medium wp-image-1701\" src=\"https:\/\/www.zahadyazajimavosti.cz\/wp-content\/uploads\/2023\/12\/zaz_Co-se-udalo-v-roce-1947l-300x117.jpg\" alt=\"\" width=\"300\" height=\"117\" srcset=\"https:\/\/www.zahadyazajimavosti.cz\/wp-content\/uploads\/2023\/12\/zaz_Co-se-udalo-v-roce-1947l-300x117.jpg 300w, https:\/\/www.zahadyazajimavosti.cz\/wp-content\/uploads\/2023\/12\/zaz_Co-se-udalo-v-roce-1947l.jpg 635w\" sizes=\"auto, (max-width: 300px) 100vw, 300px\" \/><\/p>\n<p style=\"text-align: center;\"><em>Obr. Badatel\u00e9 tvrd\u00ed, \u017ee telegram se poda\u0159ilo p\u0159e\u010d\u00edst.<\/em><\/p>\n<p>&#8222;\u0160ifranti&#8220; ve sv\u00e9m prohl\u00e1\u0161en\u00ed, \u017ee &#8230;\u201c \u00ab&#8230;&#8220;Disk&#8220; je nov\u00fd objev na z\u00e1pad od hranic &#8230; &#8222;&#8220; \u201e\u2026fragmenty byly nalezeny &#8230;\u00bb bl\u00edzko m\u00edsta operace, &#8222;Ran\u010d&#8220;, &#8222;&#8230; ob\u011bti katastrofy posl\u00e1ny do Fort Worth v Texasu&#8220;, &#8222;pos\u00e1dka &#8222;disku&#8220; bude dopravena k hlavn\u00edmu vojensk\u00e9mu l\u00e9ka\u0159i leteck\u00e9ho zdravotnick\u00e9ho centra 8. arm\u00e1dy speci\u00e1ln\u00edm letadlem B-29 ST &#8230;&#8220;<\/p>\n<p>D\u00e1le Remey informuje Vandenberga o tom, \u017ee \u0161\u00ed\u0159\u00ed verzi o meteobal\u00f3nu, kter\u00e1 se mu zd\u00e1 &#8222;nejvhodn\u011bj\u0161\u00ed&#8220;.<\/p>\n<p>V kl\u00ed\u010dov\u00fdch momentech &#8211; disk a druh\u00e9 m\u00edsto hav\u00e1rie, ob\u011bti katastrofy, pos\u00e1dka &#8211; text telegramu informuje o tom, co \u0159\u00edkal poru\u010d\u00edk Walter Haut.<\/p>\n<p>Je tam jen jeden probl\u00e9m \u2013 zpr\u00e1va gen. Rameye byla zve\u0159ejn\u011bna v roce 2001. A senza\u010dn\u00ed prohl\u00e1\u0161en\u00ed Hauta se odehr\u00e1lo v roce 2002.<\/p>\n<p>Pokud by to bylo d\u0159\u00edve, pak by nebylo pochyb o tom, \u017ee u Roswellu opravdu havarovali mimozem\u0161\u0165an\u00e9.<\/p>\n<p><strong>Kronika Roswellsk\u00fdch ud\u00e1lost\u00ed<\/strong><\/p>\n<p>P\u011bt dn\u00ed, kter\u00e9 ot\u0159\u00e1sly ufologi\u00ed<\/p>\n<ul>\n<li>2.\u010dervence 1947 &#8211; v noci sly\u0161\u00ed farm\u00e1\u0159 Mac Brazel siln\u00fd hluk ze sv\u00e9ho pole.<\/li>\n<li>3. \u010dervence 1947 \u2013 ve dne na poli najde podivn\u00e9 trosky. Farm\u00e1\u0159 se domn\u00edv\u00e1, \u017ee na jeho poli havarovalo letadlo.<\/li>\n<li>6.\u010dervence 1947 &#8211; n\u011bkter\u00e9 fragmenty farm\u00e1\u0159 p\u0159ed\u00e1v\u00e1 \u0161erifovi Roswellu. Ten se vyd\u00e1v\u00e1 na m\u00edsto hav\u00e1rie. Objevuje se prvn\u00ed informace v novin\u00e1ch.<\/li>\n<li>7. \u010dervence 1947 \u2013 k farm\u00e1\u0159i p\u0159ij\u00ed\u017ed\u00ed z\u00e1stupci vojensk\u00e9 policie. Zablokuj\u00ed pole a posb\u00edraj\u00ed v\u0161echny fragmenty podivn\u00e9ho letadla.<\/li>\n<li>8. \u010dervence 1947 &#8211; noviny &#8222;Roswell Daily Record&#8220; publikuj\u00ed na tituln\u00ed str\u00e1nce \u010dl\u00e1nek &#8222;Voj\u00e1ci zachytili l\u00e9taj\u00edc\u00ed tal\u00ed\u0159 na ran\u010di pod Roswellem.&#8220;<\/li>\n<\/ul>\n<p>Tento p\u0159\u00edb\u011bh se analyzuje a\u017e do sou\u010dasnosti.<\/p>\n<p><strong>Farm\u00e1\u0159\u016fv disk<\/strong><\/p>\n<p>&#8222;Roswellsk\u00e1 z\u00e1kladna USAF, Roswell, Nov\u00e9 Mexiko. Prvn\u00ed polovina dne 8. \u010dervence 1947.<\/p>\n<p>\u010cetn\u00e9 zv\u011bsti o l\u00e9taj\u00edc\u00edm disku se v\u010dera staly realitou, kdy\u017e zpravodajsk\u00e1 slu\u017eba 509. sm\u00ed\u0161en\u00e9ho pluku 8. leteck\u00e9 arm\u00e1dy, um\u00edst\u011bn\u00e9ho na roswellsk\u00e9 z\u00e1kladn\u011b US Air Force, se poda\u0159ilo z\u00edskat disk d\u00edky spolupr\u00e1ci s jedn\u00edm m\u00edstn\u00edm zem\u011bd\u011blcem a slu\u017eby \u0161erifa.<\/p>\n<p>L\u00e9taj\u00edc\u00ed disk p\u0159ist\u00e1l minul\u00fd t\u00fdden na ran\u010di bl\u00edzko Roswellu.<\/p>\n<p>Farm\u00e1\u0159 byl bez telefonn\u00edho spojen\u00ed, a tak uschov\u00e1val disk tak dlouho, dokud nekontaktoval \u0161erifa, kter\u00fd informoval majora Jesse Marcela ze zpravodajsk\u00e9 slu\u017eby 509. sm\u00ed\u0161en\u00e9ho leteck\u00e9ho pluku.<\/p>\n<p>Byla okam\u017eit\u011b p\u0159ijata ve\u0161ker\u00e1 vhodn\u00e1 opat\u0159en\u00ed, a disk byl odvezen z ran\u010de.<\/p>\n<p>Po prozkoum\u00e1n\u00ed na roswellsk\u00e9 z\u00e1kladn\u011b byl p\u0159evezen majorem Marcelem na vy\u0161\u0161\u00ed velitelstv\u00ed.&#8220;<\/p>\n<p><strong>&#8222;Kus ve tvaru hv\u011bzdy&#8220;<\/strong><\/p>\n<p>O n\u011bkolik hodin pozd\u011bji velitel 8. leteck\u00e9 arm\u00e1dy brig\u00e1dn\u00ed gener\u00e1l Roger Remey vystoupil v rozhlase s vyvr\u00e1cen\u00edm:<\/p>\n<p>&#8222;V tuto chv\u00edli je kus v m\u00e9 kancel\u00e1\u0159i, a pokud mohu \u0159\u00edct, nen\u00ed na n\u011bm nic zvl\u00e1\u0161tn\u00edho.<\/p>\n<p>Kus hlin\u00edkov\u00e9 f\u00f3lie ve tvaru hv\u011bzdy, kter\u00fd se pou\u017e\u00edv\u00e1 k odra\u017een\u00ed radarov\u00fdch sign\u00e1l\u016f, m\u016f\u017ee l\u00e9tat pouze v z\u00e1vislosti na rychlosti v\u011btru. &#8220;<\/p>\n<p>Pak arm\u00e1da uspo\u0159\u00e1dala tiskovou konferenci, na n\u00ed\u017e obhajovala verzi, podle kter\u00e9 trosky u Roswellu byly bal\u00f3n. A je\u0161t\u011b je povolila vyfotografovat.<\/p>\n<p style=\"text-align: center;\"><img loading=\"lazy\" decoding=\"async\" class=\"alignnone size-full wp-image-2491\" src=\"https:\/\/www.zahadyazajimavosti.cz\/wp-content\/uploads\/2023\/11\/zaz_co-se-udalo-philip-j-klass.jpg\" alt=\"\" width=\"290\" height=\"267\" \/><\/p>\n<p>Ufolog <em>Philip J. Klass<\/em> (obr.) upozor\u0148uje na rozpor v tvrzen\u00ed Hauta v knize \u201eThe Real Roswell crashed &#8211; saucer coverup\u201c (1997). Haut nikdy nedostal \u017e\u00e1dn\u00e9 povolen\u00ed, ale rozhodl se k vlastn\u00edmu ve\u0159ejn\u00e9mu vyj\u00e1d\u0159en\u00ed, a proto byl &#8222;v\u00e1\u017en\u011b pok\u00e1r\u00e1n&#8220; Washingtonem. Skute\u010dnost\u00ed je, \u017ee Haut opustil arm\u00e1du kr\u00e1tce po incidentu &#8222;z osobn\u00edch d\u016fvod\u016f&#8220;, stal se poji\u0161\u0165ovac\u00edm agentem a v roce 1991 st\u00e1l u zalo\u017een\u00ed centra pro v\u00fdzkum roswellsk\u00e9ho UFO muzea, jeho\u017e byl prvn\u00edm prezidentem.<\/p>\n<p><strong><em>Odkazy<\/em><\/strong><\/p>\n<ul>\n<li><em><a href=\"http:\/\/en.wikipedia.org\/wiki\/Alien_autopsy\" target=\"_blank\" rel=\"noopener\">http:\/\/en.wikipedia.org\/wiki\/Alien_autopsy<\/a> <\/em><\/li>\n<li><a href=\"http:\/\/www.roswellufomuseum.com\/\" target=\"_blank\" rel=\"noopener\"><em>http:\/\/www.roswellufomuseum.com\/<\/em><\/a><\/li>\n<\/ul>\n","protected":false},"excerpt":{"rendered":"<p>V z\u00e1v\u011bti p\u0159\u00edm\u00fdch \u00fa\u010dastn\u00edk\u016f z\u00e1hadn\u00fdch roswellsk\u00fdch ud\u00e1lost\u00ed se objevily podivn\u00e9 informace<\/p>\n","protected":false},"author":1,"featured_media":184,"comment_status":"closed","ping_status":"open","sticky":false,"template":"","format":"standard","meta":{"footnotes":""},"categories":[15],"tags":[3,38],"class_list":["post-1689","post","type-post","status-publish","format-standard","has-post-thumbnail","hentry","category-ufo-a-aaj","tag-ufo","tag-usa"],"_links":{"self":[{"href":"https:\/\/www.zahadyazajimavosti.cz\/index.php\/wp-json\/wp\/v2\/posts\/1689","targetHints":{"allow":["GET"]}}],"collection":[{"href":"https:\/\/www.zahadyazajimavosti.cz\/index.php\/wp-json\/wp\/v2\/posts"}],"about":[{"href":"https:\/\/www.zahadyazajimavosti.cz\/index.php\/wp-json\/wp\/v2\/types\/post"}],"author":[{"embeddable":true,"href":"https:\/\/www.zahadyazajimavosti.cz\/index.php\/wp-json\/wp\/v2\/users\/1"}],"replies":[{"embeddable":true,"href":"https:\/\/www.zahadyazajimavosti.cz\/index.php\/wp-json\/wp\/v2\/comments?post=1689"}],"version-history":[{"count":3,"href":"https:\/\/www.zahadyazajimavosti.cz\/index.php\/wp-json\/wp\/v2\/posts\/1689\/revisions"}],"predecessor-version":[{"id":2492,"href":"https:\/\/www.zahadyazajimavosti.cz\/index.php\/wp-json\/wp\/v2\/posts\/1689\/revisions\/2492"}],"wp:featuredmedia":[{"embeddable":true,"href":"https:\/\/www.zahadyazajimavosti.cz\/index.php\/wp-json\/wp\/v2\/media\/184"}],"wp:attachment":[{"href":"https:\/\/www.zahadyazajimavosti.cz\/index.php\/wp-json\/wp\/v2\/media?parent=1689"}],"wp:term":[{"taxonomy":"category","embeddable":true,"href":"https:\/\/www.zahadyazajimavosti.cz\/index.php\/wp-json\/wp\/v2\/categories?post=1689"},{"taxonomy":"post_tag","embeddable":true,"href":"https:\/\/www.zahadyazajimavosti.cz\/index.php\/wp-json\/wp\/v2\/tags?post=1689"}],"curies":[{"name":"wp","href":"https:\/\/api.w.org\/{rel}","templated":true}]}}