{"id":1452,"date":"2023-10-21T00:46:08","date_gmt":"2023-10-20T22:46:08","guid":{"rendered":"https:\/\/www.zahadyazajimavosti.cz\/?p=1452"},"modified":"2023-09-22T22:54:24","modified_gmt":"2023-09-22T20:54:24","slug":"dalsi-mumie-mimozemstana","status":"publish","type":"post","link":"https:\/\/www.zahadyazajimavosti.cz\/index.php\/2023\/10\/21\/dalsi-mumie-mimozemstana\/","title":{"rendered":"Dal\u0161\u00ed mumie mimozem\u0161\u0165ana?"},"content":{"rendered":"<p><strong>V Peru objevili poz\u016fstatky podivn\u00fdch stvo\u0159en\u00ed s obrovsk\u00fdmi hlavami<\/strong><!--more--><br \/>\nAntropolog <em>Renato Davila Riquelme<\/em>, \u0159editel soukrom\u00e9ho muzea \u201e<em>Ritos Andinos<\/em>\u201c (\u201eAndsk\u00e9 ritu\u00e1ly\u201c) ozn\u00e1mil v listopadu 2011, \u017ee byly nalezeny 2 podivn\u00e9 mumie.<\/p>\n<p>Mumifikovan\u00e9 poz\u016fstatky podivn\u00fdch bytost\u00ed byly pr\u00fd nalezeny u m\u011bsta Andahuaylillas, 30 km od peru\u00e1nsk\u00e9ho Cusco, v ji\u017en\u00ed peru\u00e1nsk\u00e9 provincii Quispicanchi. Slavn\u00e1 planina Nazca s velk\u00fdmi kresbami je tak\u00e9 v t\u00e9to provincii. N\u00e1lezov\u00e9 okolnosti t\u011bchto vykop\u00e1vek v\u0161ak antropolog nesd\u011blil, a jak uvid\u00edme d\u00e1le, nen\u00ed divu.<\/p>\n<p style=\"text-align: center;\"><img loading=\"lazy\" decoding=\"async\" class=\"alignnone wp-image-1454\" src=\"https:\/\/www.zahadyazajimavosti.cz\/wp-content\/uploads\/2023\/10\/zaz_dalsi-mumie-300x225.jpg\" alt=\"\" width=\"450\" height=\"338\" srcset=\"https:\/\/www.zahadyazajimavosti.cz\/wp-content\/uploads\/2023\/10\/zaz_dalsi-mumie-300x225.jpg 300w, https:\/\/www.zahadyazajimavosti.cz\/wp-content\/uploads\/2023\/10\/zaz_dalsi-mumie.jpg 640w\" sizes=\"auto, (max-width: 450px) 100vw, 450px\" \/>Obr. 1<\/p>\n<p>Prvn\u00ed mumie je d\u00edt\u011b s velkou troj\u00faheln\u00edkovou hlavou a velk\u00fdmi o\u010dn\u00edmi d\u016flky. Hlava mumie je obrovsk\u00e1. Od brady k temeni m\u00e1 50 centimetr\u016f. Stejn\u011b velk\u00fd je i zbytek t\u011bla. Zuby jsou v\u0161ak jako u dosp\u011bl\u00fdch &#8211; m\u00e1 v chrupu i stoli\u010dky, co\u017e neodpov\u00edd\u00e1 v\u011bku tak mal\u00e9ho d\u00edt\u011bte (mezi 12 a 16 m\u011bs\u00edci). O\u010dnice jsou mnohem v\u011bt\u0161\u00ed ne\u017e u oby\u010dejn\u00fdch lid\u00ed. Krom\u011b zna\u010dn\u00e9 velikosti je lebka velmi prot\u00e1hl\u00e1 a horn\u00ed \u010d\u00e1st je otev\u0159en\u00e1. Jde o znak mutace, zvan\u00e9 cranioschisis (roz\u0161t\u011bp lebe\u010dn\u00edch \u0161v\u016f).<\/p>\n<p>Fotografie druh\u00e9 mumie Riquelme zat\u00edm ve\u0159ejnosti nep\u0159edstavil. Je mal\u00e1, m\u00e1 jen asi 30 cm, a \u0161lo z\u0159ejm\u011b o nedono\u0161en\u00fd plod. Byla zabalena v n\u011b\u010dem, co p\u0159ipom\u00ednalo zbytky placenty. Podle Riquelma, dorazili k pr\u016fzkumu mumie t\u0159i antropologov\u00e9 z Ruska a \u0160pan\u011blska. Jm\u00e9na t\u011bch \u00fadajn\u00fdch antropolog\u016f v\u0161ak nejsou zn\u00e1m\u00e1.<\/p>\n<p>A ti pr\u00fd u\u017e i uznali, \u017ee z\u00e1hadn\u00e9 poz\u016fstatky nepat\u0159\u00ed lidem. To znamen\u00e1, \u017ee peru\u00e1nsk\u00fd antropolog na\u0161el mumie mimozem\u0161\u0165an\u016f. Tedy alespo\u0148 t\u00e9 v\u011bt\u0161\u00ed.<\/p>\n<p>\u201eP\u0159izn\u00e1v\u00e1m, \u017ee toto vyhl\u00e1\u0161en\u00ed je extravagantn\u00ed,\u201c dod\u00e1v\u00e1 Riquelme. \u201eAle je jasn\u00e9, \u017ee &#8222;velk\u00e9 hlavy&#8220; neodpov\u00eddaj\u00ed ani jedn\u00e9 etnick\u00e9 skupin\u011b, \u017eij\u00edc\u00ed na na\u0161\u00ed planet\u011b.\u201c V prav\u00e9m oku mumie je zachoval\u00fd zbytek tk\u00e1n\u011b, tak\u017ee bude mo\u017en\u00e9 analyzovat jeho DNA.<\/p>\n<p><strong>O co tedy jde?<\/strong><\/p>\n<p>Jde o dva kojence z p\u0159edkoloni\u00e1ln\u00ed doby, kte\u0159\u00ed podstoupili lebe\u010dn\u00ed deforma\u010dn\u00ed procesy. Podle kronik\u00e1\u0159\u016f koloni\u00e1ln\u00ed \u00e9ry, tyto postupy byly podporov\u00e1ny Inkou Manco Capacem a pozd\u011bji jeho vnukem, Inkou Yupanqui Lloque.<\/p>\n<p>Oblastn\u00ed \u0159editelstv\u00ed kultury v Cusco ozna\u010dilo n\u00e1lez t\u011bchto kostern\u00edch poz\u016fstatk\u016f v Andahuaylillas jako v\u00fdsledek rabov\u00e1n\u00ed archeologick\u00fdch nalezi\u0161\u0165.<\/p>\n<p>Hlava je k celkov\u00e9 velikosti t\u011bla ne\u00fam\u011brn\u011b velk\u00e1. Bu\u010f jde z\u0159ejm\u011b o d\u00edt\u011b posti\u017een\u00e9 hydrocephalem, tedy vodnatelnost\u00ed hlavy, \u010demu\u017e by napov\u00eddaly velk\u00e9 o\u010dn\u00ed d\u016flky, ale nikoli zuby dosp\u011bl\u00e9ho \u010dlov\u011bka. Na vyhl\u00e1\u0161en\u00ed \u0159editele soukrom\u00e9ho muzea se v\u0161ak nelze spol\u00e9hat. O jeho kvalifikaci jako antropologa nen\u00ed nic zn\u00e1mo. Od t\u00e9 doby se tak\u00e9 dal\u0161\u00ed informace ani \u00fadaje o dal\u0161\u00edm v\u00fdzkumu neobjevily. Pro\u010d taky.<\/p>\n<p>Bombastick\u00e9 fr\u00e1ze o mimozem\u0161\u0165anech, o zahrani\u010dn\u00edch v\u011bdc\u00edch, m\u011bly jen p\u0159it\u00e1hnout pozornost a turisty do soukrom\u00e9ho muzea.<\/p>\n<ul>\n<li><em>Viz : Apreciaci\u00f3n sobre momia fue superficial. Peru21. 17.11.2011. Online: <a href=\"http:\/\/peru21.pe\/noticia\/1335186\/experto-se-corrige-sobre-momiano-humana\" target=\"_blank\" rel=\"noopener\">http:\/\/peru21.pe\/noticia\/1335186\/experto-se-corrige-sobre-momiano-humana<\/a><\/em><\/li>\n<\/ul>\n","protected":false},"excerpt":{"rendered":"<p>V Peru objevili poz\u016fstatky podivn\u00fdch stvo\u0159en\u00ed s obrovsk\u00fdmi hlavami<\/p>\n","protected":false},"author":1,"featured_media":612,"comment_status":"closed","ping_status":"open","sticky":false,"template":"","format":"standard","meta":{"footnotes":""},"categories":[9],"tags":[41,22,74],"class_list":["post-1452","post","type-post","status-publish","format-standard","has-post-thumbnail","hentry","category-historie","tag-archeologie","tag-jizni-amerika","tag-mumie"],"_links":{"self":[{"href":"https:\/\/www.zahadyazajimavosti.cz\/index.php\/wp-json\/wp\/v2\/posts\/1452","targetHints":{"allow":["GET"]}}],"collection":[{"href":"https:\/\/www.zahadyazajimavosti.cz\/index.php\/wp-json\/wp\/v2\/posts"}],"about":[{"href":"https:\/\/www.zahadyazajimavosti.cz\/index.php\/wp-json\/wp\/v2\/types\/post"}],"author":[{"embeddable":true,"href":"https:\/\/www.zahadyazajimavosti.cz\/index.php\/wp-json\/wp\/v2\/users\/1"}],"replies":[{"embeddable":true,"href":"https:\/\/www.zahadyazajimavosti.cz\/index.php\/wp-json\/wp\/v2\/comments?post=1452"}],"version-history":[{"count":4,"href":"https:\/\/www.zahadyazajimavosti.cz\/index.php\/wp-json\/wp\/v2\/posts\/1452\/revisions"}],"predecessor-version":[{"id":1457,"href":"https:\/\/www.zahadyazajimavosti.cz\/index.php\/wp-json\/wp\/v2\/posts\/1452\/revisions\/1457"}],"wp:featuredmedia":[{"embeddable":true,"href":"https:\/\/www.zahadyazajimavosti.cz\/index.php\/wp-json\/wp\/v2\/media\/612"}],"wp:attachment":[{"href":"https:\/\/www.zahadyazajimavosti.cz\/index.php\/wp-json\/wp\/v2\/media?parent=1452"}],"wp:term":[{"taxonomy":"category","embeddable":true,"href":"https:\/\/www.zahadyazajimavosti.cz\/index.php\/wp-json\/wp\/v2\/categories?post=1452"},{"taxonomy":"post_tag","embeddable":true,"href":"https:\/\/www.zahadyazajimavosti.cz\/index.php\/wp-json\/wp\/v2\/tags?post=1452"}],"curies":[{"name":"wp","href":"https:\/\/api.w.org\/{rel}","templated":true}]}}